{"id":170370,"date":"2025-11-30T09:50:27","date_gmt":"2025-11-30T09:50:27","guid":{"rendered":"https:\/\/www.europesays.com\/pt\/170370\/"},"modified":"2025-11-30T09:50:27","modified_gmt":"2025-11-30T09:50:27","slug":"futsal-portugal-encerra-fase-de-grupos-do-mundial-feminino-com-goleada","status":"publish","type":"post","link":"https:\/\/www.europesays.com\/pt\/170370\/","title":{"rendered":"Futsal: Portugal encerra fase de grupos do Mundial feminino com goleada"},"content":{"rendered":"<p style=\"margin-bottom:11px\">Quase 400 pessoas assistiram \u00e0 goleada aplicada pela Sele\u00e7\u00e3o feminina de futsal sobre a Nova Zel\u00e2ndia (10-0), na terceira e \u00faltima jornada da fase de grupos e quando as \u201cQuinas\u201d j\u00e1 tinham garantido o apuramento para os \u201cquartos\u201d do Mundial.<\/p>\n<p>Neste s\u00e1bado, em Manila, nas Filipinas, Lu\u00eds Concei\u00e7\u00e3o apostou em Ana Catarina Pereira, Fif\u00f3, Janice Silva, Maria Pereira e Carolina Pedreira de in\u00edcio. A jogo foram tamb\u00e9m Maria Odete Rocha, In\u00eas Matos, Helena Nunes, Kak\u00e1, D\u00e9bora Lavrador, Kika, Ana Azevedo, Marta Teixeira e L\u00eddia Moreira. O marcador foi inaugurado ao terceiro minuto por Janice Silva, que bisou aos 13m. Pelo meio, D\u00e9bora Lavrador aplicou o 2-0, ao oitavo minuto.<\/p>\n<p>Seguiram-se os golos de Fif\u00f3 (dois golos aos 13m), In\u00eas Matos (18m), Maria Pereira e Kak\u00e1 (23m), Marta Teixeira (33m) e Cat Pretty (autogolo aos 38m).<\/p>\n<p>Portugal terminou no topo do Grupo C com nove pontos, mais tr\u00eas do que o Jap\u00e3o, que tamb\u00e9m se qualificou para os \u201cquartos\u201d. As nip\u00f3nicas v\u00e3o medir for\u00e7as com o Brasil, enquanto Portugal vai jogar contra It\u00e1lia (ter\u00e7a-feira, 10h), neste primeiro Mundial feminino de futsal organizado pela FIFA.<\/p>\n<p>A Sele\u00e7\u00e3o leva 23 golos marcados e apenas um sofrido.<\/p>\n","protected":false},"excerpt":{"rendered":"Quase 400 pessoas assistiram \u00e0 goleada aplicada pela Sele\u00e7\u00e3o feminina de futsal sobre a Nova Zel\u00e2ndia (10-0), na&hellip;\n","protected":false},"author":2,"featured_media":170371,"comment_status":"","ping_status":"","sticky":false,"template":"","format":"standard","meta":{"footnotes":""},"categories":[8],"tags":[27,28,15,16,1831,35116,14,25,26,21,22,46,1830,12,13,19,20,32,23,24,33,47,527,5434,5920,4338,5420,16170,17,18,29,30,31],"class_list":{"0":"post-170370","1":"post","2":"type-post","3":"status-publish","4":"format-standard","5":"has-post-thumbnail","7":"category-principais-noticias","8":"tag-breaking-news","9":"tag-breakingnews","10":"tag-featured-news","11":"tag-featurednews","12":"tag-futsal","13":"tag-futsal-feminino","14":"tag-headlines","15":"tag-latest-news","16":"tag-latestnews","17":"tag-main-news","18":"tag-mainnews","19":"tag-maisfutebol","20":"tag-modalidades","21":"tag-news","22":"tag-noticias","23":"tag-noticias-principais","24":"tag-noticiasprincipais","25":"tag-portugal","26":"tag-principais-noticias","27":"tag-principaisnoticias","28":"tag-pt","29":"tag-pura-paixao","30":"tag-resultados","31":"tag-resultados-hoje","32":"tag-resultados-maisfutebol","33":"tag-selecao","34":"tag-selecao-nacional","35":"tag-selecao-portuguesa","36":"tag-top-stories","37":"tag-topstories","38":"tag-ultimas","39":"tag-ultimas-noticias","40":"tag-ultimasnoticias"},"share_on_mastodon":{"url":"","error":"Validation failed: Text character limit of 500 exceeded"},"_links":{"self":[{"href":"https:\/\/www.europesays.com\/pt\/wp-json\/wp\/v2\/posts\/170370","targetHints":{"allow":["GET"]}}],"collection":[{"href":"https:\/\/www.europesays.com\/pt\/wp-json\/wp\/v2\/posts"}],"about":[{"href":"https:\/\/www.europesays.com\/pt\/wp-json\/wp\/v2\/types\/post"}],"author":[{"embeddable":true,"href":"https:\/\/www.europesays.com\/pt\/wp-json\/wp\/v2\/users\/2"}],"replies":[{"embeddable":true,"href":"https:\/\/www.europesays.com\/pt\/wp-json\/wp\/v2\/comments?post=170370"}],"version-history":[{"count":0,"href":"https:\/\/www.europesays.com\/pt\/wp-json\/wp\/v2\/posts\/170370\/revisions"}],"wp:featuredmedia":[{"embeddable":true,"href":"https:\/\/www.europesays.com\/pt\/wp-json\/wp\/v2\/media\/170371"}],"wp:attachment":[{"href":"https:\/\/www.europesays.com\/pt\/wp-json\/wp\/v2\/media?parent=170370"}],"wp:term":[{"taxonomy":"category","embeddable":true,"href":"https:\/\/www.europesays.com\/pt\/wp-json\/wp\/v2\/categories?post=170370"},{"taxonomy":"post_tag","embeddable":true,"href":"https:\/\/www.europesays.com\/pt\/wp-json\/wp\/v2\/tags?post=170370"}],"curies":[{"name":"wp","href":"https:\/\/api.w.org\/{rel}","templated":true}]}}