{"id":170445,"date":"2025-11-30T11:05:27","date_gmt":"2025-11-30T11:05:27","guid":{"rendered":"https:\/\/www.europesays.com\/pt\/170445\/"},"modified":"2025-11-30T11:05:27","modified_gmt":"2025-11-30T11:05:27","slug":"nao-sao-adidas-temos-os-tenis-tendencia-de-2026","status":"publish","type":"post","link":"https:\/\/www.europesays.com\/pt\/170445\/","title":{"rendered":"N\u00e3o s\u00e3o Adidas. Temos os t\u00e9nis tend\u00eancia de 2026"},"content":{"rendered":"<p>Um novo ano traz sempre expectativa de mudan\u00e7as na vida, mas os looks tamb\u00e9m v\u00e3o mudar em 2026, porque chega um protagonista inesperado, ainda que familiar: os t\u00e9nis slip-on.<\/p>\n<p>Quando pensamos em slip-on, \u00e9 inevit\u00e1vel que a mem\u00f3ria v\u00e1 diretamente para os modelos cl\u00e1ssicos da Vans sem atacadores, s\u00edmbolos de uma est\u00e9tica skater descontra\u00edda que atravessou gera\u00e7\u00f5es. \u00c9 neste contexto que voltam \u00e0 ribalta por conta da tend\u00eancia\u00a0slip-on, que vai fazer esquecer durante algum tempo os <a href=\"https:\/\/versa.iol.pt\/tenis\/adidas\/adidas-volta-a-fazer-das-suas-com-os-tenis-samba-ha-uma-novidade\/20251030\/6900aa4ad34ee0c2fed1c1d2\" rel=\"nofollow noopener\" target=\"_blank\">Samba da Adidas<\/a>.<\/p>\n<p>Mas h\u00e1 novidades. Apesar de os Vans continuarem fi\u00e9is ao seu ADN pr\u00e1tico e os cl\u00e1ssicos n\u00e3o irem a lado nenhum, surgem novos modelos com um ar futurista, texturas ousadas e um design mais vers\u00e1til. N\u00e3o \u00e9, assim, de estranhar que dominem 2026.\u00a0<\/p>\n<p>Mas h\u00e1 mais raz\u00f5es: num mundo acelerado, os slip-on oferecem zero esfor\u00e7o, conforto imediato e versatilidade m\u00e1xima; d\u00e3o aquele ar cool que funciona em qualquer ocasi\u00e3o casual; e combinam bem com <a href=\"https:\/\/versa.iol.pt\/dior\/tendencias\/ja-foram-escolhidas-as-cores-tendencia-para-2026-e-a-culpa-e-da-dior\/20250528\/6836e1b1d34ef72ee44687d2\" rel=\"nofollow noopener\" target=\"_blank\">saias longas flu\u00eddas<\/a>, jeans e looks mais ousados que misturam texturas e volumes.\u00a0\u00a0<\/p>\n<p>Prepara-te: tudo indica que vais ver muitos pares a invadir as ruas nos pr\u00f3ximos meses. Deixamos algumas propostas na galeria de imagens.\u00a0<\/p>\n","protected":false},"excerpt":{"rendered":"Um novo ano traz sempre expectativa de mudan\u00e7as na vida, mas os looks tamb\u00e9m v\u00e3o mudar em 2026,&hellip;\n","protected":false},"author":2,"featured_media":170446,"comment_status":"","ping_status":"","sticky":false,"template":"","format":"standard","meta":{"footnotes":""},"categories":[83],"tags":[5781,1081,88,204,89,90,754,186,1079,32,33,1083,2349,31965,1078,1080],"class_list":{"0":"post-170445","1":"post","2":"type-post","3":"status-publish","4":"format-standard","5":"has-post-thumbnail","7":"category-empresas","8":"tag-adidas","9":"tag-beleza","10":"tag-business","11":"tag-design","12":"tag-economy","13":"tag-empresas","14":"tag-gastronomia","15":"tag-lifestyle","16":"tag-moda","17":"tag-portugal","18":"tag-pt","19":"tag-tendencia","20":"tag-tenis","21":"tag-vans","22":"tag-versa","23":"tag-viagens"},"share_on_mastodon":{"url":"https:\/\/pubeurope.com\/@pt\/115638325967791788","error":""},"_links":{"self":[{"href":"https:\/\/www.europesays.com\/pt\/wp-json\/wp\/v2\/posts\/170445","targetHints":{"allow":["GET"]}}],"collection":[{"href":"https:\/\/www.europesays.com\/pt\/wp-json\/wp\/v2\/posts"}],"about":[{"href":"https:\/\/www.europesays.com\/pt\/wp-json\/wp\/v2\/types\/post"}],"author":[{"embeddable":true,"href":"https:\/\/www.europesays.com\/pt\/wp-json\/wp\/v2\/users\/2"}],"replies":[{"embeddable":true,"href":"https:\/\/www.europesays.com\/pt\/wp-json\/wp\/v2\/comments?post=170445"}],"version-history":[{"count":0,"href":"https:\/\/www.europesays.com\/pt\/wp-json\/wp\/v2\/posts\/170445\/revisions"}],"wp:featuredmedia":[{"embeddable":true,"href":"https:\/\/www.europesays.com\/pt\/wp-json\/wp\/v2\/media\/170446"}],"wp:attachment":[{"href":"https:\/\/www.europesays.com\/pt\/wp-json\/wp\/v2\/media?parent=170445"}],"wp:term":[{"taxonomy":"category","embeddable":true,"href":"https:\/\/www.europesays.com\/pt\/wp-json\/wp\/v2\/categories?post=170445"},{"taxonomy":"post_tag","embeddable":true,"href":"https:\/\/www.europesays.com\/pt\/wp-json\/wp\/v2\/tags?post=170445"}],"curies":[{"name":"wp","href":"https:\/\/api.w.org\/{rel}","templated":true}]}}