{"id":170466,"date":"2025-11-30T11:28:18","date_gmt":"2025-11-30T11:28:18","guid":{"rendered":"https:\/\/www.europesays.com\/pt\/170466\/"},"modified":"2025-11-30T11:28:18","modified_gmt":"2025-11-30T11:28:18","slug":"mc-dough-lanca-clipe-o-tempo-em-lo-fi-com-estetica-imersiva","status":"publish","type":"post","link":"https:\/\/www.europesays.com\/pt\/170466\/","title":{"rendered":"MC Dough lan\u00e7a clipe \u201cO Tempo em Lo-Fi\u201d com est\u00e9tica imersiva"},"content":{"rendered":"<p>MC Dough lan\u00e7a clipe \u201cO Tempo em Lo-Fi\u201d com est\u00e9tica imersiva<\/p>\n<p>Usamos cookies para melhorar sua experi\u00eancia e personalizar conte\u00fado. Ao continuar, voc\u00ea concorda com nossa<br \/>\n<a href=\"https:\/\/pocosja.com.br\/politica-de-privacidade\/\" target=\"_blank\" rel=\"noopener noreferrer nofollow\">Pol\u00edtica de Privacidade<\/a>.<\/p>\n<p>Aceitar<br \/>\nFechar<\/p>\n","protected":false},"excerpt":{"rendered":"MC Dough lan\u00e7a clipe \u201cO Tempo em Lo-Fi\u201d com est\u00e9tica imersiva Usamos cookies para melhorar sua experi\u00eancia e&hellip;\n","protected":false},"author":2,"featured_media":170467,"comment_status":"","ping_status":"","sticky":false,"template":"","format":"standard","meta":{"footnotes":""},"categories":[141],"tags":[35792,114,115,35793,14280,149,150,35794,32,33,16231],"class_list":{"0":"post-170466","1":"post","2":"type-post","3":"status-publish","4":"format-standard","5":"has-post-thumbnail","7":"category-musica","8":"tag-doug","9":"tag-entertainment","10":"tag-entretenimento","11":"tag-lab3-estudio","12":"tag-mc","13":"tag-music","14":"tag-musica","15":"tag-o-tempo-em-lo-fi","16":"tag-portugal","17":"tag-pt","18":"tag-videoclipe"},"share_on_mastodon":{"url":"https:\/\/pubeurope.com\/@pt\/115638416409243645","error":""},"_links":{"self":[{"href":"https:\/\/www.europesays.com\/pt\/wp-json\/wp\/v2\/posts\/170466","targetHints":{"allow":["GET"]}}],"collection":[{"href":"https:\/\/www.europesays.com\/pt\/wp-json\/wp\/v2\/posts"}],"about":[{"href":"https:\/\/www.europesays.com\/pt\/wp-json\/wp\/v2\/types\/post"}],"author":[{"embeddable":true,"href":"https:\/\/www.europesays.com\/pt\/wp-json\/wp\/v2\/users\/2"}],"replies":[{"embeddable":true,"href":"https:\/\/www.europesays.com\/pt\/wp-json\/wp\/v2\/comments?post=170466"}],"version-history":[{"count":0,"href":"https:\/\/www.europesays.com\/pt\/wp-json\/wp\/v2\/posts\/170466\/revisions"}],"wp:featuredmedia":[{"embeddable":true,"href":"https:\/\/www.europesays.com\/pt\/wp-json\/wp\/v2\/media\/170467"}],"wp:attachment":[{"href":"https:\/\/www.europesays.com\/pt\/wp-json\/wp\/v2\/media?parent=170466"}],"wp:term":[{"taxonomy":"category","embeddable":true,"href":"https:\/\/www.europesays.com\/pt\/wp-json\/wp\/v2\/categories?post=170466"},{"taxonomy":"post_tag","embeddable":true,"href":"https:\/\/www.europesays.com\/pt\/wp-json\/wp\/v2\/tags?post=170466"}],"curies":[{"name":"wp","href":"https:\/\/api.w.org\/{rel}","templated":true}]}}