{"id":170492,"date":"2025-11-30T11:50:58","date_gmt":"2025-11-30T11:50:58","guid":{"rendered":"https:\/\/www.europesays.com\/pt\/170492\/"},"modified":"2025-11-30T11:50:58","modified_gmt":"2025-11-30T11:50:58","slug":"pm-australiano-e-o-primeiro-a-casar-em-funcoes-observador","status":"publish","type":"post","link":"https:\/\/www.europesays.com\/pt\/170492\/","title":{"rendered":"PM australiano \u00e9 o primeiro a casar em fun\u00e7\u00f5es \u2013 Observador"},"content":{"rendered":"<p>Foi o primeiro chefe do Executivo em fun\u00e7\u00f5es na Austr\u00e1lia a ficar noivo, depois de no Dia dos Namorados de 2024 ter pedido Jodie Haydon em casamento. Agora, o casal trocou finalmente alian\u00e7as numa cerim\u00f3nia na capital australiana de Camberra fazendo de\u00a0Anthony Albanese o primeiro a casar enquanto est\u00e1 \u00e0 frente do governo.<\/p>\n<p>A cerim\u00f3nia teve lugar durante a tarde deste s\u00e1bado (hora local, madrugada em Lisboa), um dia depois da \u00faltima sess\u00e3o do ano parlamentar, e contou com a presen\u00e7a de v\u00e1rios ministros australianos assim como dos pais de Albanese e do filho do primeiro casamento. \u201cEstamos absolutamente encantados por partilhar o nosso amor e compromisso de passar o resto das nossas vidas juntos, na presen\u00e7a da nossa fam\u00edlia e dos nossos amigos mais pr\u00f3ximos\u201d, afirmou Albanese numa breve declara\u00e7\u00e3o, citado na <a href=\"https:\/\/www.bbc.com\/news\/articles\/ce865kpdzz8o\" rel=\"nofollow noopener\" target=\"_blank\">BBC<\/a>.<\/p>\n<p>Nas redes sociais, o primeiro-ministro australiano partilhou um v\u00eddeo do momento em que, j\u00e1 casados, caminhou ao lado de Jodie Haydon por entre os convidados \u2014 que lhes atiraram p\u00e9talas de rosa para cima. H\u00e1 ainda fotografias do c\u00e3o, Toto, que teve o papel de menina das alian\u00e7as.<\/p>\n","protected":false},"excerpt":{"rendered":"Foi o primeiro chefe do Executivo em fun\u00e7\u00f5es na Austr\u00e1lia a ficar noivo, depois de no Dia dos&hellip;\n","protected":false},"author":2,"featured_media":170493,"comment_status":"","ping_status":"","sticky":false,"template":"","format":"standard","meta":{"footnotes":""},"categories":[50],"tags":[11592,27,28,15,16,14,25,26,21,22,62,12,13,19,20,23,24,17,18,29,30,31,63,64,65],"class_list":{"0":"post-170492","1":"post","2":"type-post","3":"status-publish","4":"format-standard","5":"has-post-thumbnail","7":"category-mundo","8":"tag-austru00e1lia","9":"tag-breaking-news","10":"tag-breakingnews","11":"tag-featured-news","12":"tag-featurednews","13":"tag-headlines","14":"tag-latest-news","15":"tag-latestnews","16":"tag-main-news","17":"tag-mainnews","18":"tag-mundo","19":"tag-news","20":"tag-noticias","21":"tag-noticias-principais","22":"tag-noticiasprincipais","23":"tag-principais-noticias","24":"tag-principaisnoticias","25":"tag-top-stories","26":"tag-topstories","27":"tag-ultimas","28":"tag-ultimas-noticias","29":"tag-ultimasnoticias","30":"tag-world","31":"tag-world-news","32":"tag-worldnews"},"share_on_mastodon":{"url":"https:\/\/pubeurope.com\/@pt\/115638506807759029","error":""},"_links":{"self":[{"href":"https:\/\/www.europesays.com\/pt\/wp-json\/wp\/v2\/posts\/170492","targetHints":{"allow":["GET"]}}],"collection":[{"href":"https:\/\/www.europesays.com\/pt\/wp-json\/wp\/v2\/posts"}],"about":[{"href":"https:\/\/www.europesays.com\/pt\/wp-json\/wp\/v2\/types\/post"}],"author":[{"embeddable":true,"href":"https:\/\/www.europesays.com\/pt\/wp-json\/wp\/v2\/users\/2"}],"replies":[{"embeddable":true,"href":"https:\/\/www.europesays.com\/pt\/wp-json\/wp\/v2\/comments?post=170492"}],"version-history":[{"count":0,"href":"https:\/\/www.europesays.com\/pt\/wp-json\/wp\/v2\/posts\/170492\/revisions"}],"wp:featuredmedia":[{"embeddable":true,"href":"https:\/\/www.europesays.com\/pt\/wp-json\/wp\/v2\/media\/170493"}],"wp:attachment":[{"href":"https:\/\/www.europesays.com\/pt\/wp-json\/wp\/v2\/media?parent=170492"}],"wp:term":[{"taxonomy":"category","embeddable":true,"href":"https:\/\/www.europesays.com\/pt\/wp-json\/wp\/v2\/categories?post=170492"},{"taxonomy":"post_tag","embeddable":true,"href":"https:\/\/www.europesays.com\/pt\/wp-json\/wp\/v2\/tags?post=170492"}],"curies":[{"name":"wp","href":"https:\/\/api.w.org\/{rel}","templated":true}]}}