{"id":170499,"date":"2025-11-30T11:58:12","date_gmt":"2025-11-30T11:58:12","guid":{"rendered":"https:\/\/www.europesays.com\/pt\/170499\/"},"modified":"2025-11-30T11:58:12","modified_gmt":"2025-11-30T11:58:12","slug":"vem-ai-em-terra-forte-cobra-e-maria-de-fatima-sao-apanhados-em-momento-crucial-novelas","status":"publish","type":"post","link":"https:\/\/www.europesays.com\/pt\/170499\/","title":{"rendered":"Vem a\u00ed em \u00abTerra Forte\u00bb: Cobra e Maria de F\u00e1tima s\u00e3o apanhados em momento crucial? &#8211; Novelas"},"content":{"rendered":"<p>Em \u00abTerra Forte\u00bb, Moreira admite a <a href=\"https:\/\/tvi.iol.pt\/novelas\/videos\/terra-forte-maria-de-fatima-e-manuel-tinham-um-caso\/68f65cdc0cf29d28d82976cb\" rel=\"nofollow noopener\" target=\"_blank\">Maria de F\u00e1tima (Rita Pereira)<\/a> que teve de engolir o papel que ela escreveu para <a href=\"https:\/\/tvi.iol.pt\/novelas\/videos\/maria-de-fatima-toma-decisao-sobre-vivi-esta-demitida\/68f8e7750cf285ab53a6b259\" rel=\"nofollow noopener\" target=\"_blank\">Vivi (Sofia Nicholson)<\/a>\u00a0por a filha dela ter entrado nesse momento e Maria de F\u00e1tima desliga-lhe a chamada na cara. Delfina (Elsa Galv\u00e3o) vem com uma fotografia de Vivi e um porquinho mealheiro, dizendo j\u00e1 estar a arranjar fundos para a fam\u00edlia pagar o caix\u00e3o de Vivi. Moreira cai redondo no ch\u00e3o desmaiado.<\/p>\n<p>Maria de F\u00e1tima indica que est\u00e1 fora de perigo por a filha de Vivi n\u00e3o ter visto o que estava escrito no papel, e duvidar que Vivi lhe tenha contado que estava a chantage\u00e1-la. <a href=\"https:\/\/tvi.iol.pt\/novelas\/videos\/terra-forte-maria-de-fatima-e-cobra-sao-cumplices-em-varios-crimes\/6900dcc00cf29d28d82991f2\" rel=\"nofollow noopener\" target=\"_blank\">Cobra (Ricardo Burgos)<\/a>\u00a0insiste que ela pode estar sob suspeita se a filha tiver percebido que aquilo era uma amea\u00e7a. Ambos olham atrapalhados para <a href=\"https:\/\/tvi.iol.pt\/novelas\/videos\/terra-forte-dudu-apresenta-rosinha-a-sammy-e-a-rosa-maria\/68f7b86d0cf29d28d8297a76\" rel=\"nofollow noopener\" target=\"_blank\">Dudu (Tom\u00e1s Taborda)<\/a>\u00a0e <a href=\"https:\/\/tvi.iol.pt\/novelas\/videos\/terra-forte-rosinha-salva-a-vida-de-dudu\/68f61d030cf29d28d8297586\" rel=\"nofollow noopener\" target=\"_blank\">Rosinha (Francisca Salgado)<\/a>\u00a0a perguntarem-lhes do que est\u00e3o a falar.<\/p>\n<p>Recorde-se que eles s\u00e3o c\u00famplices h\u00e1 muitos anos:\u00a0<\/p>\n","protected":false},"excerpt":{"rendered":"Em \u00abTerra Forte\u00bb, Moreira admite a Maria de F\u00e1tima (Rita Pereira) que teve de engolir o papel que&hellip;\n","protected":false},"author":2,"featured_media":170500,"comment_status":"","ping_status":"","sticky":false,"template":"","format":"standard","meta":{"footnotes":""},"categories":[142],"tags":[160,166,114,115,157,167,164,8598,18462,161,158,165,159,32,33,156,5871,18614,163,151,162],"class_list":{"0":"post-170499","1":"post","2":"type-post","3":"status-publish","4":"format-standard","5":"has-post-thumbnail","7":"category-tv","8":"tag-ana-guiomar","9":"tag-cristina-ferreira","10":"tag-entertainment","11":"tag-entretenimento","12":"tag-festa-e-festa","13":"tag-ficcao","14":"tag-jose-fidalgo","15":"tag-maria-de-fatima","16":"tag-moreira","17":"tag-novelas","18":"tag-para-sempre","19":"tag-pedro-sousa","20":"tag-pedro-teixeira","21":"tag-portugal","22":"tag-pt","23":"tag-queridos-papas","24":"tag-rita-pereira","25":"tag-terra-forte","26":"tag-tiago-teotonio-pereira","27":"tag-tv","28":"tag-tvi"},"share_on_mastodon":{"url":"https:\/\/pubeurope.com\/@pt\/115638534325543932","error":""},"_links":{"self":[{"href":"https:\/\/www.europesays.com\/pt\/wp-json\/wp\/v2\/posts\/170499","targetHints":{"allow":["GET"]}}],"collection":[{"href":"https:\/\/www.europesays.com\/pt\/wp-json\/wp\/v2\/posts"}],"about":[{"href":"https:\/\/www.europesays.com\/pt\/wp-json\/wp\/v2\/types\/post"}],"author":[{"embeddable":true,"href":"https:\/\/www.europesays.com\/pt\/wp-json\/wp\/v2\/users\/2"}],"replies":[{"embeddable":true,"href":"https:\/\/www.europesays.com\/pt\/wp-json\/wp\/v2\/comments?post=170499"}],"version-history":[{"count":0,"href":"https:\/\/www.europesays.com\/pt\/wp-json\/wp\/v2\/posts\/170499\/revisions"}],"wp:featuredmedia":[{"embeddable":true,"href":"https:\/\/www.europesays.com\/pt\/wp-json\/wp\/v2\/media\/170500"}],"wp:attachment":[{"href":"https:\/\/www.europesays.com\/pt\/wp-json\/wp\/v2\/media?parent=170499"}],"wp:term":[{"taxonomy":"category","embeddable":true,"href":"https:\/\/www.europesays.com\/pt\/wp-json\/wp\/v2\/categories?post=170499"},{"taxonomy":"post_tag","embeddable":true,"href":"https:\/\/www.europesays.com\/pt\/wp-json\/wp\/v2\/tags?post=170499"}],"curies":[{"name":"wp","href":"https:\/\/api.w.org\/{rel}","templated":true}]}}