{"id":170511,"date":"2025-11-30T12:16:19","date_gmt":"2025-11-30T12:16:19","guid":{"rendered":"https:\/\/www.europesays.com\/pt\/170511\/"},"modified":"2025-11-30T12:16:19","modified_gmt":"2025-11-30T12:16:19","slug":"video-benzema-aplica-hat-trick-e-conceicao-alcanca-meias-da-taca","status":"publish","type":"post","link":"https:\/\/www.europesays.com\/pt\/170511\/","title":{"rendered":"V\u00cdDEO: Benzema aplica hat-trick e Concei\u00e7\u00e3o alcan\u00e7a \u00abmeias\u00bb da Ta\u00e7a"},"content":{"rendered":"<p style=\"margin-bottom:11px\">Na ressaca da derrota na Champions da \u00c1sia, o Al Ittihad de S\u00e9rgio Concei\u00e7\u00e3o venceu nos \u201cquartos\u201d da Ta\u00e7a, goleando o Al Shabab (4-1). Na tarde deste s\u00e1bado, Danilo Pereira foi totalista, tal como Kant\u00e9, Fabinho, Roger Fernandes e Benzema.<\/p>\n<p>Ainda que o avan\u00e7ado Hamdallah tenha inaugurado o marcador a favor dos forasteiros aos 14 minutos, o lateral Doumbia e Benzema operaram a reviravolta com golos aos 20 e 30 minutos, respetivamente. Na segunda parte, Benzema completou o hat-trick aos 84 e 87m, depois de o Al Shabab ver o 2-2 anulado por fora de jogo.<\/p>\n<p>Aos 37 anos, Benzema leva 11 golos em 12 jogos, levando seis golos nas \u00faltimas tr\u00eas partidas.<\/p>\n<p>Assim, a turma de S\u00e9rgio Concei\u00e7\u00e3o junta-se a Al Hilal, Al Ahli e Al Kholood nas meias-finais. O Al Ittihad \u00e9 o detentor da Ta\u00e7a.<\/p>\n","protected":false},"excerpt":{"rendered":"Na ressaca da derrota na Champions da \u00c1sia, o Al Ittihad de S\u00e9rgio Concei\u00e7\u00e3o venceu nos \u201cquartos\u201d da&hellip;\n","protected":false},"author":2,"featured_media":170512,"comment_status":"","ping_status":"","sticky":false,"template":"","format":"standard","meta":{"footnotes":""},"categories":[87],"tags":[2120,1145,21890,30469,135,82,436,46,32,33,47,527,5434,5920,2339,5540,134],"class_list":{"0":"post-170511","1":"post","2":"type-post","3":"status-publish","4":"format-standard","5":"has-post-thumbnail","7":"category-desporto","8":"tag-al-ittihad","9":"tag-arabia-saudita","10":"tag-benzema","11":"tag-danilo-pereira","12":"tag-desporto","13":"tag-internacional","14":"tag-made-in","15":"tag-maisfutebol","16":"tag-portugal","17":"tag-pt","18":"tag-pura-paixao","19":"tag-resultados","20":"tag-resultados-hoje","21":"tag-resultados-maisfutebol","22":"tag-roger-fernandes","23":"tag-sergio-conceicao","24":"tag-sports"},"share_on_mastodon":{"url":"https:\/\/pubeurope.com\/@pt\/115638605340423271","error":""},"_links":{"self":[{"href":"https:\/\/www.europesays.com\/pt\/wp-json\/wp\/v2\/posts\/170511","targetHints":{"allow":["GET"]}}],"collection":[{"href":"https:\/\/www.europesays.com\/pt\/wp-json\/wp\/v2\/posts"}],"about":[{"href":"https:\/\/www.europesays.com\/pt\/wp-json\/wp\/v2\/types\/post"}],"author":[{"embeddable":true,"href":"https:\/\/www.europesays.com\/pt\/wp-json\/wp\/v2\/users\/2"}],"replies":[{"embeddable":true,"href":"https:\/\/www.europesays.com\/pt\/wp-json\/wp\/v2\/comments?post=170511"}],"version-history":[{"count":0,"href":"https:\/\/www.europesays.com\/pt\/wp-json\/wp\/v2\/posts\/170511\/revisions"}],"wp:featuredmedia":[{"embeddable":true,"href":"https:\/\/www.europesays.com\/pt\/wp-json\/wp\/v2\/media\/170512"}],"wp:attachment":[{"href":"https:\/\/www.europesays.com\/pt\/wp-json\/wp\/v2\/media?parent=170511"}],"wp:term":[{"taxonomy":"category","embeddable":true,"href":"https:\/\/www.europesays.com\/pt\/wp-json\/wp\/v2\/categories?post=170511"},{"taxonomy":"post_tag","embeddable":true,"href":"https:\/\/www.europesays.com\/pt\/wp-json\/wp\/v2\/tags?post=170511"}],"curies":[{"name":"wp","href":"https:\/\/api.w.org\/{rel}","templated":true}]}}