{"id":170521,"date":"2025-11-30T12:30:28","date_gmt":"2025-11-30T12:30:28","guid":{"rendered":"https:\/\/www.europesays.com\/pt\/170521\/"},"modified":"2025-11-30T12:30:28","modified_gmt":"2025-11-30T12:30:28","slug":"wrc-sebastien-ogier-confirma-10-ralis-em-2026","status":"publish","type":"post","link":"https:\/\/www.europesays.com\/pt\/170521\/","title":{"rendered":"WRC: S\u00e9bastien Ogier confirma 10 ralis em 2026"},"content":{"rendered":"<p>\t\t\t<a href=\"https:\/\/www.autosport.pt\" rel=\"nofollow noopener\" target=\"_blank\">Home<\/a>  \u00a0 &gt; \u00a0  <a href=\"https:\/\/www.autosport.pt\/cat\/ralis\/\" rel=\"nofollow noopener\" target=\"_blank\">Ralis<\/a>  \u00a0 &gt; \u00a0  WRC: S\u00e9bastien Ogier confirma 10 ralis em 2026<\/p>\n<p>\t\t\t\tPor <a href=\"https:\/\/www.autosport.pt\/author\/jose-luis-abreu\/\" title=\"Artigos de Jos\u00e9 Luis Abreu\" rel=\"author nofollow noopener\" target=\"_blank\">Jos\u00e9 Luis Abreu<\/a> a 29 Novembro 2025 13:36<\/p>\n<p>\t\t\tCaro leitor, esta \u00e9 uma mensagem importante.<br \/>\n                        O Autosport j\u00e1 n\u00e3o existe em vers\u00e3o papel, apenas na vers\u00e3o online.<br \/>\n                        E por essa raz\u00e3o, n\u00e3o \u00e9 mais poss\u00edvel o Autosport continuar a disponibilizar todos os seus artigos gratuitamente.<br \/>\n                        Para que os leitores possam contribuir para a exist\u00eancia e evolu\u00e7\u00e3o da qualidade do seu site preferido, cri\u00e1mos o Clube Autosport com in\u00fameras vantagens e descontos que permitir\u00e1 a cada membro aceder a todos os artigos do site Autosport e ainda recuperar (varias vezes) o custo de ser membro.<br \/>\nOs membros do Clube Autosport receber\u00e3o um cart\u00e3o de membro com validade de 1 ano, que apresentar\u00e3o junto das empresas parceiras como identifica\u00e7\u00e3o.<br \/>\nLista de Vantagens:<br \/>\n-Acesso a todos os conte\u00fados no site Autosport sem ter que ver a publicidade<br \/>\n-Desconto nos combust\u00edveis Repsol <br \/>\n-Acesso a seguros especialmente desenvolvidos pela Vitorinos seguros a pre\u00e7os imbat\u00edveis<br \/>\n-Descontos em oficinas, lojas e servi\u00e7os auto<br \/>\n-Acesso exclusivo a eventos especialmente organizados para membros<br \/>\n<a style=\"color:#e30713; font-weight: bold;\" href=\"https:\/\/www.clubeautosport.pt\/faca-se-membro\/\" target=\"_blank\" rel=\"nofollow noopener\">Saiba mais AQUI<\/a><\/p>\n<p>&#13;<br \/>\n                        Continuar a ler&#13;\n                <\/p>\n","protected":false},"excerpt":{"rendered":"Home \u00a0 &gt; \u00a0 Ralis \u00a0 &gt; \u00a0 WRC: S\u00e9bastien Ogier confirma 10 ralis em 2026 Por Jos\u00e9&hellip;\n","protected":false},"author":2,"featured_media":170522,"comment_status":"","ping_status":"","sticky":false,"template":"","format":"standard","meta":{"footnotes":""},"categories":[87],"tags":[135,32,33,5278,19351,134,2701],"class_list":{"0":"post-170521","1":"post","2":"type-post","3":"status-publish","4":"format-standard","5":"has-post-thumbnail","7":"category-desporto","8":"tag-desporto","9":"tag-portugal","10":"tag-pt","11":"tag-ralis","12":"tag-sebastien-ogier","13":"tag-sports","14":"tag-wrc"},"share_on_mastodon":{"url":"https:\/\/pubeurope.com\/@pt\/115638660837509378","error":""},"_links":{"self":[{"href":"https:\/\/www.europesays.com\/pt\/wp-json\/wp\/v2\/posts\/170521","targetHints":{"allow":["GET"]}}],"collection":[{"href":"https:\/\/www.europesays.com\/pt\/wp-json\/wp\/v2\/posts"}],"about":[{"href":"https:\/\/www.europesays.com\/pt\/wp-json\/wp\/v2\/types\/post"}],"author":[{"embeddable":true,"href":"https:\/\/www.europesays.com\/pt\/wp-json\/wp\/v2\/users\/2"}],"replies":[{"embeddable":true,"href":"https:\/\/www.europesays.com\/pt\/wp-json\/wp\/v2\/comments?post=170521"}],"version-history":[{"count":0,"href":"https:\/\/www.europesays.com\/pt\/wp-json\/wp\/v2\/posts\/170521\/revisions"}],"wp:featuredmedia":[{"embeddable":true,"href":"https:\/\/www.europesays.com\/pt\/wp-json\/wp\/v2\/media\/170522"}],"wp:attachment":[{"href":"https:\/\/www.europesays.com\/pt\/wp-json\/wp\/v2\/media?parent=170521"}],"wp:term":[{"taxonomy":"category","embeddable":true,"href":"https:\/\/www.europesays.com\/pt\/wp-json\/wp\/v2\/categories?post=170521"},{"taxonomy":"post_tag","embeddable":true,"href":"https:\/\/www.europesays.com\/pt\/wp-json\/wp\/v2\/tags?post=170521"}],"curies":[{"name":"wp","href":"https:\/\/api.w.org\/{rel}","templated":true}]}}