{"id":17053,"date":"2025-08-05T13:18:04","date_gmt":"2025-08-05T13:18:04","guid":{"rendered":"https:\/\/www.europesays.com\/pt\/17053\/"},"modified":"2025-08-05T13:18:04","modified_gmt":"2025-08-05T13:18:04","slug":"exposicao-paraiso-de-coura-do-fotografo-alfredo-cunha-chega-ao-porto","status":"publish","type":"post","link":"https:\/\/www.europesays.com\/pt\/17053\/","title":{"rendered":"Exposi\u00e7\u00e3o \u201cPara\u00edso de Coura\u201d, do fot\u00f3grafo Alfredo Cunha, chega ao Porto"},"content":{"rendered":"<p>A exposi\u00e7\u00e3o \u201cPara\u00edso de Coura\u201d, do fot\u00f3grafo Alfredo Cunha, abre esta quarta-feira no espa\u00e7o atmosfera m, no Porto.<\/p>\n<p>A exposi\u00e7\u00e3o re\u00fane v\u00e1rias imagens e hist\u00f3rias do festival de Paredes de Coura, recolhidas ao longo das \u00faltimas duas d\u00e9cadas. Nesta inaugura\u00e7\u00e3o no espa\u00e7o Atmosfera estar\u00e3o presentes o autor, Jo\u00e3o Carvalho, diretor do festival, V\u00edtor Paulo Pereira, presidente da c\u00e2mara de Paredes de Coura, e Sandra Maria Teixeira, curadora. A modera\u00e7\u00e3o estar\u00e1 a cargo da jornalista Mariana Duarte.<\/p>\n<p>\u201cPara\u00edso de Coura\u201d sucede \u00e0 obra com o mesmo nome, publicada pela Tinta da China, em agosto de 2024. \u201cEm Paredes de Coura, aquilo que parece que vai correr mal acaba por correr bem. E ainda por cima d\u00e1 boas fotografias!\u201d, contou Alfredo Cunha na inaugura\u00e7\u00e3o da mesma exposi\u00e7\u00e3o em Lisboa, <a href=\"https:\/\/expresso.pt\/blitz\/2025-03-10-fotografo-quando-sou-surpreendido-e-em-paredes-de-coura-surpreendo-me-muito-o-amor-de-alfredo-cunha-pelo-festival-minhoto-em-exposicao-851c5e0b\" target=\"_blank\" rel=\"noopener noreferrer nofollow\">em mar\u00e7o passado<\/a>.<\/p>\n<p>A exposi\u00e7\u00e3o estar\u00e1 presente no espa\u00e7o atmosfera m, localizado no n\u00ba 158 da Rua J\u00falio Dinis, no Porto, at\u00e9 4 de setembro.<\/p>\n","protected":false},"excerpt":{"rendered":"A exposi\u00e7\u00e3o \u201cPara\u00edso de Coura\u201d, do fot\u00f3grafo Alfredo Cunha, abre esta quarta-feira no espa\u00e7o atmosfera m, no Porto.&hellip;\n","protected":false},"author":2,"featured_media":17054,"comment_status":"","ping_status":"","sticky":false,"template":"","format":"standard","meta":{"footnotes":""},"categories":[144],"tags":[207,205,206,203,201,202,204,114,115,32,33],"class_list":{"0":"post-17053","1":"post","2":"type-post","3":"status-publish","4":"format-standard","5":"has-post-thumbnail","7":"category-arte-e-design","8":"tag-arte","9":"tag-arte-e-design","10":"tag-artedesign","11":"tag-arts","12":"tag-arts-and-design","13":"tag-artsanddesign","14":"tag-design","15":"tag-entertainment","16":"tag-entretenimento","17":"tag-portugal","18":"tag-pt"},"share_on_mastodon":{"url":"","error":""},"_links":{"self":[{"href":"https:\/\/www.europesays.com\/pt\/wp-json\/wp\/v2\/posts\/17053","targetHints":{"allow":["GET"]}}],"collection":[{"href":"https:\/\/www.europesays.com\/pt\/wp-json\/wp\/v2\/posts"}],"about":[{"href":"https:\/\/www.europesays.com\/pt\/wp-json\/wp\/v2\/types\/post"}],"author":[{"embeddable":true,"href":"https:\/\/www.europesays.com\/pt\/wp-json\/wp\/v2\/users\/2"}],"replies":[{"embeddable":true,"href":"https:\/\/www.europesays.com\/pt\/wp-json\/wp\/v2\/comments?post=17053"}],"version-history":[{"count":0,"href":"https:\/\/www.europesays.com\/pt\/wp-json\/wp\/v2\/posts\/17053\/revisions"}],"wp:featuredmedia":[{"embeddable":true,"href":"https:\/\/www.europesays.com\/pt\/wp-json\/wp\/v2\/media\/17054"}],"wp:attachment":[{"href":"https:\/\/www.europesays.com\/pt\/wp-json\/wp\/v2\/media?parent=17053"}],"wp:term":[{"taxonomy":"category","embeddable":true,"href":"https:\/\/www.europesays.com\/pt\/wp-json\/wp\/v2\/categories?post=17053"},{"taxonomy":"post_tag","embeddable":true,"href":"https:\/\/www.europesays.com\/pt\/wp-json\/wp\/v2\/tags?post=17053"}],"curies":[{"name":"wp","href":"https:\/\/api.w.org\/{rel}","templated":true}]}}