{"id":170537,"date":"2025-11-30T12:48:11","date_gmt":"2025-11-30T12:48:11","guid":{"rendered":"https:\/\/www.europesays.com\/pt\/170537\/"},"modified":"2025-11-30T12:48:11","modified_gmt":"2025-11-30T12:48:11","slug":"cometa-3i-atlas-se-aproxima-da-terra-com-anomalias-intrigantes-e-provoca-debates-noticias-r7","status":"publish","type":"post","link":"https:\/\/www.europesays.com\/pt\/170537\/","title":{"rendered":"Cometa 3I\/ATLAS se aproxima da Terra com anomalias intrigantes e provoca debates\u00a0 \u2013 Noticias R7"},"content":{"rendered":"<p><img decoding=\"async\" data-chromatic=\"ignore\" alt=\"\" class=\"c-image\" loading=\"lazy\" src=\"https:\/\/www.europesays.com\/pt\/wp-content\/uploads\/2025\/11\/OV7O7QD2INDH3EVIJ7W7TZURQI.jpeg\"  width=\"2048\" height=\"1152\"\/>Cometa 3I\/ATLAS se aproxima da Terra e intriga cientistas globais (Imagem: Gerada por IA\/ Gemini) Fala Ci\u00eancia <\/p>\n<p class=\"jarvics:base-text-neutral-high-400 base-text-[calc(theme(fontSize.xs)_*_var(--font-size,_1))] base-font-normal base-font-primary base-text-neutral-low-500 base-text-left\">\n<p>O <strong>cometa 3I\/ATLAS<\/strong>, descoberto em julho de 2025, voltou a chamar aten\u00e7\u00e3o da comunidade cient\u00edfica internacional \u00e0 medida que se aproxima da <strong>Terra<\/strong>. Apesar de n\u00e3o representar risco de impacto, sua trajet\u00f3ria e caracter\u00edsticas incomuns oferecem uma oportunidade \u00fanica de estudo para astr\u00f4nomos de todo o mundo. A <strong>ONU<\/strong> confirmou que equipes de defesa planet\u00e1ria ir\u00e3o monitorar o corpo celeste de perto, garantindo an\u00e1lises detalhadas e coordenadas internacionalmente.<\/p>\n<\/p>\n<p class=\"jarvics:base-text-neutral-high-400 base-text-[calc(theme(fontSize.xs)_*_var(--font-size,_1))] base-font-normal base-font-primary base-text-neutral-low-500 base-text-left\">\n<ul class=\"wp-block-list\">\n<li>Campanha de observa\u00e7\u00e3o liderada pela Rede Internacional de Alerta de Asteroides (IAWN) tem dura\u00e7\u00e3o de dois meses;<\/li>\n<li>Este ser\u00e1 o oitavo esfor\u00e7o global da IAWN desde 2017 para rastrear cometas e asteroides pr\u00f3ximos;<\/li>\n<li>O cometa possui uma <strong>cabe\u00e7a difusa e cauda longa<\/strong>, t\u00edpica de corpos gelados que liberam g\u00e1s ao se aproximar do Sol;<\/li>\n<li>Astr\u00f4nomos destacam que cometas s\u00e3o mais dif\u00edceis de rastrear do que asteroides devido \u00e0 sua natureza difusa;<\/li>\n<li>A m\u00e1xima aproxima\u00e7\u00e3o da Terra ocorrer\u00e1 em 19 de dezembro, momento cr\u00edtico para an\u00e1lises espectrosc\u00f3picas.<\/li>\n<\/ul>\n<p class=\"jarvics:base-text-neutral-high-400 base-text-[calc(theme(fontSize.xs)_*_var(--font-size,_1))] base-font-normal base-font-primary base-text-neutral-low-500 base-text-left\"><strong>Anomalia orbital e debates cient\u00edficos<\/strong><\/p>\n<p class=\"jarvics:base-text-neutral-high-400 base-text-[calc(theme(fontSize.xs)_*_var(--font-size,_1))] base-font-normal base-font-primary base-text-neutral-low-500 base-text-left\">\n<p>O que torna o <strong>3I\/ATLAS<\/strong> ainda mais intrigante \u00e9 uma <strong>anomalia registrada em sua \u00f3rbita<\/strong>, relacionada a uma passagem futura perto de <strong>J\u00fapiter<\/strong>. Alguns estudos, incluindo an\u00e1lises publicadas em revistas como Scientific Reports, apontam que a precis\u00e3o da trajet\u00f3ria \u00e9 incomum para um objeto natural.<\/p>\n<\/p>\n<p class=\"jarvics:base-text-neutral-high-400 base-text-[calc(theme(fontSize.xs)_*_var(--font-size,_1))] base-font-normal base-font-primary base-text-neutral-low-500 base-text-left\">\n<p>Contudo, especialistas refor\u00e7am que o comportamento observado, como acelera\u00e7\u00e3o e pequenas altera\u00e7\u00f5es na rota, pode ser explicado pela <strong>sublima\u00e7\u00e3o do gelo<\/strong>, fen\u00f4meno natural em cometas que libera jatos de g\u00e1s. Essa explica\u00e7\u00e3o cient\u00edfica busca dissipar teorias alternativas que circulam em c\u00edrculos acad\u00eamicos e redes sociais sobre poss\u00edveis origens artificiais do cometa.<\/p>\n<\/p>\n<p class=\"jarvics:base-text-neutral-high-400 base-text-[calc(theme(fontSize.xs)_*_var(--font-size,_1))] base-font-normal base-font-primary base-text-neutral-low-500 base-text-left\"><strong>Observa\u00e7\u00f5es futuras e import\u00e2ncia cient\u00edfica<\/strong><\/p>\n<p><img decoding=\"async\" data-chromatic=\"ignore\" alt=\"\" class=\"c-image\" loading=\"lazy\" src=\"https:\/\/www.europesays.com\/pt\/wp-content\/uploads\/2025\/11\/I2ZHU25WYFEONNPSKT64YF35CM.jpeg\"  width=\"1024\" height=\"576\"\/>Anomalia orbital de 3I\/ATLAS desperta debates sobre sua trajet\u00f3ria (Imagem: Gerada por IA\/ Gemini)<br \/>\n Fala Ci\u00eancia <\/p>\n<p class=\"jarvics:base-text-neutral-high-400 base-text-[calc(theme(fontSize.xs)_*_var(--font-size,_1))] base-font-normal base-font-primary base-text-neutral-low-500 base-text-left\">\n<p>A passagem do 3I\/ATLAS oferece uma oportunidade sem precedentes de capturar <strong>imagens detalhadas e dados espectrosc\u00f3picos<\/strong>, essenciais para entender a composi\u00e7\u00e3o qu\u00edmica e din\u00e2mica de cometas interestelares. Al\u00e9m disso:<\/p>\n<\/p>\n<p class=\"jarvics:base-text-neutral-high-400 base-text-[calc(theme(fontSize.xs)_*_var(--font-size,_1))] base-font-normal base-font-primary base-text-neutral-low-500 base-text-left\">\n<ul class=\"wp-block-list\">\n<li>A sonda <strong>Juno<\/strong> estar\u00e1 posicionada estrategicamente para registrar detalhes sem precedentes do cometa;<\/li>\n<li>Intera\u00e7\u00f5es gravitacionais com <strong>J\u00fapiter e Marte<\/strong> devem alterar sua trajet\u00f3ria, direcionando-o \u00e0 constela\u00e7\u00e3o de G\u00eameos;<\/li>\n<li>Cientistas esperam esclarecer d\u00favidas sobre a emiss\u00e3o de jatos e a influ\u00eancia de for\u00e7as externas na rota do cometa;<\/li>\n<li>Estudos desse tipo ajudam a compreender melhor os mecanismos que regem <strong>objetos interestelares<\/strong> no Sistema Solar;<\/li>\n<li>A observa\u00e7\u00e3o cont\u00ednua fortalece a <strong>colabora\u00e7\u00e3o internacional<\/strong> em defesa planet\u00e1ria e pesquisa astron\u00f4mica.<\/li>\n<\/ul>\n<p class=\"jarvics:base-text-neutral-high-400 base-text-[calc(theme(fontSize.xs)_*_var(--font-size,_1))] base-font-normal base-font-primary base-text-neutral-low-500 base-text-left\">\n<p>Enquanto 3I\/ATLAS segue sua trajet\u00f3ria enigm\u00e1tica pelo Sistema Solar, ele refor\u00e7a a import\u00e2ncia da <strong>astronomia observacional<\/strong> e da vigil\u00e2ncia de corpos celestes. Cada aproxima\u00e7\u00e3o oferece insights sobre <strong>composi\u00e7\u00e3o, din\u00e2mica orbital e fen\u00f4menos f\u00edsicos<\/strong> que n\u00e3o poderiam ser estudados em condi\u00e7\u00f5es normais. Assim, mesmo sem risco imediato, o cometa tem sido um importante objeto de estudo para ampliar nossa compreens\u00e3o do universo.<\/p><\/p>\n","protected":false},"excerpt":{"rendered":"Cometa 3I\/ATLAS se aproxima da Terra e intriga cientistas globais (Imagem: Gerada por IA\/ Gemini) Fala Ci\u00eancia O&hellip;\n","protected":false},"author":2,"featured_media":170538,"comment_status":"","ping_status":"","sticky":false,"template":"","format":"standard","meta":{"footnotes":""},"categories":[84],"tags":[109,107,108,32,33,105,103,104,106,110],"class_list":{"0":"post-170537","1":"post","2":"type-post","3":"status-publish","4":"format-standard","5":"has-post-thumbnail","7":"category-ciencia-e-tecnologia","8":"tag-ciencia","9":"tag-ciencia-e-tecnologia","10":"tag-cienciaetecnologia","11":"tag-portugal","12":"tag-pt","13":"tag-science","14":"tag-science-and-technology","15":"tag-scienceandtechnology","16":"tag-technology","17":"tag-tecnologia"},"share_on_mastodon":{"url":"https:\/\/pubeurope.com\/@pt\/115638731244299543","error":""},"_links":{"self":[{"href":"https:\/\/www.europesays.com\/pt\/wp-json\/wp\/v2\/posts\/170537","targetHints":{"allow":["GET"]}}],"collection":[{"href":"https:\/\/www.europesays.com\/pt\/wp-json\/wp\/v2\/posts"}],"about":[{"href":"https:\/\/www.europesays.com\/pt\/wp-json\/wp\/v2\/types\/post"}],"author":[{"embeddable":true,"href":"https:\/\/www.europesays.com\/pt\/wp-json\/wp\/v2\/users\/2"}],"replies":[{"embeddable":true,"href":"https:\/\/www.europesays.com\/pt\/wp-json\/wp\/v2\/comments?post=170537"}],"version-history":[{"count":0,"href":"https:\/\/www.europesays.com\/pt\/wp-json\/wp\/v2\/posts\/170537\/revisions"}],"wp:featuredmedia":[{"embeddable":true,"href":"https:\/\/www.europesays.com\/pt\/wp-json\/wp\/v2\/media\/170538"}],"wp:attachment":[{"href":"https:\/\/www.europesays.com\/pt\/wp-json\/wp\/v2\/media?parent=170537"}],"wp:term":[{"taxonomy":"category","embeddable":true,"href":"https:\/\/www.europesays.com\/pt\/wp-json\/wp\/v2\/categories?post=170537"},{"taxonomy":"post_tag","embeddable":true,"href":"https:\/\/www.europesays.com\/pt\/wp-json\/wp\/v2\/tags?post=170537"}],"curies":[{"name":"wp","href":"https:\/\/api.w.org\/{rel}","templated":true}]}}