{"id":170539,"date":"2025-11-30T12:51:09","date_gmt":"2025-11-30T12:51:09","guid":{"rendered":"https:\/\/www.europesays.com\/pt\/170539\/"},"modified":"2025-11-30T12:51:09","modified_gmt":"2025-11-30T12:51:09","slug":"quatro-pessoas-baleadas-esta-madrugada-uma-acabou-por-morrer","status":"publish","type":"post","link":"https:\/\/www.europesays.com\/pt\/170539\/","title":{"rendered":"Quatro pessoas baleadas esta madrugada. Uma acabou por morrer"},"content":{"rendered":"<p>\t                Incidentes aconteceram na Amadora e em Oeiras<\/p>\n<p>A primeira ocorr\u00eancia aconteceu na Rua Alberto da Concei\u00e7\u00e3o Guerreiro, na Brandoa Amadora. A PSP foi chamadas ap\u00f3s disparos de arma de fogo e informada da exist\u00eancia de duas v\u00edtimas. Quando os meios se deslocaram para o local, j\u00e1 n\u00e3o se encontrava nenhuma das vitimas.<\/p>\n<p>Pouco depois no Hospital Trofa Sa\u00fade deu entrada um homem de 26 anos baleado no t\u00f3rax e na perna, considerado ferido grave. Ap\u00f3s ser estabelizado foi transportado para o Hospital S\u00e3o Francisco Xavier.<\/p>\n<p>Nesse mesmo hospital, pouco tempo depois, deu entrada uma mulher que teria sido baleada na cabela, no mesmo incidente. J\u00e1 estava em paragem cardio respirat\u00f3ria e foi levada de imediato para a sala de reanima\u00e7\u00e3o \u00a0mas acabou por n\u00e3o resistir aos ferimentos.\u00a0<\/p>\n<p>A PSP apurou que os disparos que vitimaram o casal ter\u00e3o sido efetuados do interior de uma viatura, possivelmente marca BMW e que no local foram encontrados 3 inv\u00f3lucros.\u00a0<\/p>\n<p>J\u00e1 em Oeiras, no bairro da Portela de Carnaxide uma festa terminou da pior maneira com desentendimentos que acabaram em trocas de tiros.<\/p>\n<p>Dois jovem foram baleados. Um deles com 16 anos acabou transportado de urg\u00eancia para o Hospital Amadora Sintra o outro deu entrada no Hospital S\u00e3o Francisco Xavier. Tendo em conta o uso de armas de fogo nas duas situa\u00e7\u00f5es, ambos os casos ser\u00e3o investigados pela Pol\u00edcia Judici\u00e1ria.<\/p>\n","protected":false},"excerpt":{"rendered":"Incidentes aconteceram na Amadora e em Oeiras A primeira ocorr\u00eancia aconteceu na Rua Alberto da Concei\u00e7\u00e3o Guerreiro, na&hellip;\n","protected":false},"author":2,"featured_media":97547,"comment_status":"","ping_status":"","sticky":false,"template":"","format":"standard","meta":{"footnotes":""},"categories":[10],"tags":[609,4249,836,611,33262,27,28,607,608,333,832,604,135,610,476,15,16,301,830,14,603,25,26,570,21,22,831,833,9189,3968,62,834,12,13,19,20,5663,835,602,52,32,23,24,33,17,18,29,30,31,30343],"class_list":{"0":"post-170539","1":"post","2":"type-post","3":"status-publish","4":"format-standard","5":"has-post-thumbnail","7":"category-portugal","8":"tag-alerta","9":"tag-amadora","10":"tag-analise","11":"tag-ao-minuto","12":"tag-baleados","13":"tag-breaking-news","14":"tag-breakingnews","15":"tag-cnn","16":"tag-cnn-portugal","17":"tag-comentadores","18":"tag-costa","19":"tag-crime","20":"tag-desporto","21":"tag-direto","22":"tag-economia","23":"tag-featured-news","24":"tag-featurednews","25":"tag-governo","26":"tag-guerra","27":"tag-headlines","28":"tag-justica","29":"tag-latest-news","30":"tag-latestnews","31":"tag-live","32":"tag-main-news","33":"tag-mainnews","34":"tag-mais-vistas","35":"tag-marcelo","36":"tag-morto","37":"tag-mulher","38":"tag-mundo","39":"tag-negocios","40":"tag-news","41":"tag-noticias","42":"tag-noticias-principais","43":"tag-noticiasprincipais","44":"tag-oeiras","45":"tag-opiniao","46":"tag-pais","47":"tag-politica","48":"tag-portugal","49":"tag-principais-noticias","50":"tag-principaisnoticias","51":"tag-pt","52":"tag-top-stories","53":"tag-topstories","54":"tag-ultimas","55":"tag-ultimas-noticias","56":"tag-ultimasnoticias","57":"tag-vitima"},"share_on_mastodon":{"url":"","error":"Validation failed: Text character limit of 500 exceeded"},"_links":{"self":[{"href":"https:\/\/www.europesays.com\/pt\/wp-json\/wp\/v2\/posts\/170539","targetHints":{"allow":["GET"]}}],"collection":[{"href":"https:\/\/www.europesays.com\/pt\/wp-json\/wp\/v2\/posts"}],"about":[{"href":"https:\/\/www.europesays.com\/pt\/wp-json\/wp\/v2\/types\/post"}],"author":[{"embeddable":true,"href":"https:\/\/www.europesays.com\/pt\/wp-json\/wp\/v2\/users\/2"}],"replies":[{"embeddable":true,"href":"https:\/\/www.europesays.com\/pt\/wp-json\/wp\/v2\/comments?post=170539"}],"version-history":[{"count":0,"href":"https:\/\/www.europesays.com\/pt\/wp-json\/wp\/v2\/posts\/170539\/revisions"}],"wp:featuredmedia":[{"embeddable":true,"href":"https:\/\/www.europesays.com\/pt\/wp-json\/wp\/v2\/media\/97547"}],"wp:attachment":[{"href":"https:\/\/www.europesays.com\/pt\/wp-json\/wp\/v2\/media?parent=170539"}],"wp:term":[{"taxonomy":"category","embeddable":true,"href":"https:\/\/www.europesays.com\/pt\/wp-json\/wp\/v2\/categories?post=170539"},{"taxonomy":"post_tag","embeddable":true,"href":"https:\/\/www.europesays.com\/pt\/wp-json\/wp\/v2\/tags?post=170539"}],"curies":[{"name":"wp","href":"https:\/\/api.w.org\/{rel}","templated":true}]}}