{"id":170542,"date":"2025-11-30T12:56:12","date_gmt":"2025-11-30T12:56:12","guid":{"rendered":"https:\/\/www.europesays.com\/pt\/170542\/"},"modified":"2025-11-30T12:56:12","modified_gmt":"2025-11-30T12:56:12","slug":"mariana-ximenes-reencontra-walcyr-carrasco-e-tenta-exorcizar-mania-de-voce","status":"publish","type":"post","link":"https:\/\/www.europesays.com\/pt\/170542\/","title":{"rendered":"Mariana Ximenes reencontra Walcyr Carrasco e tenta exorcizar Mania de Voc\u00ea"},"content":{"rendered":"<p><a href=\"https:\/\/natelinha.uol.com.br\/famosos\/tudo-sobre\/mariana-ximenes\" rel=\"nofollow noopener\" target=\"_blank\">Mariana Ximenes<\/a> estar\u00e1 de volta ao hor\u00e1rio das 21h dois anos depois de se frustrar no fracasso retumbante de <a href=\"https:\/\/natelinha.uol.com.br\/novelas\/mania-de-voce\" rel=\"nofollow noopener\" target=\"_blank\">Mania de Voc\u00ea<\/a>. Para isso, a atriz marcar\u00e1 um reencontro de mais de 20 anos, j\u00e1 que ela pr\u00f3pria confirmou sua presen\u00e7a em <strong>Quem Ama, Cuida<\/strong>, de <a href=\"https:\/\/natelinha.uol.com.br\/famosos\/tudo-sobre\/walcyr-carrasco\" rel=\"nofollow noopener\" target=\"_blank\">Walcyr Carrasco<\/a>.<\/p>\n<p>A afirma\u00e7\u00e3o aconteceu durante entrevista \u00e0 Veja. Mariana estava falando sobre sua carreira e aproveitou para dar a not\u00edcia. &#8220;Estou na pr\u00f3xima novela das 9, do Walcyr Carrasco, Quem Ama, Cuida, sobre cuidadoras de idosos, que estrear\u00e1 no ano que vem&#8221;, garantiu.<\/p>\n<p>+\u00a0<a href=\"https:\/\/natelinha.uol.com.br\/televisao\/2025\/11\/29\/lazaro-ramos-faz-sandra-annemberg-chorar-em-forte-desabafo-na-globo-234589.php\" rel=\"nofollow noopener\" target=\"_blank\">L\u00e1zaro Ramos faz Sandra Annemberg chorar em forte desabafo na Globo<\/a><\/p>\n<p>continua depois da publicidade<\/p>\n<p>+\u00a0<a href=\"https:\/\/natelinha.uol.com.br\/famosos\/2025\/11\/29\/deolane-enfrenta-jovens-apos-ser-xingada-babaca-assista-234587.php\" rel=\"nofollow noopener\" target=\"_blank\">Deolane enfrenta jovens ap\u00f3s ser xingada: \u201cBabaca\u201d; assista<\/a><\/p>\n<p>&#8220;Hoje, posso selecionar pap\u00e9is que tenham responsabilidade hist\u00f3rica \u2014 n\u00e3o cabe mais falar de certos temas sem o cuidado necess\u00e1rio. Al\u00e9m disso, estou em projetos com camadas po\u00e9ticas e sociais, como um filme sobre Cacilda Becker e document\u00e1rios sobre mudan\u00e7as clim\u00e1ticas e medita\u00e7\u00e3o. Corpo, mente e terra: \u00e9 um combo que faz muito sentido para mim, agora&#8221;, explicou ao dar um pouco de detalhes sobre a pr\u00f3xima personagem.<\/p>\n<p>Este \u00e9 o retorno de Ximenes ao hor\u00e1rio das 21h, ap\u00f3s ter interpretado a vil\u00e3 \u00cdsis, em Mania de Voc\u00ea. Vendida como a nova vil\u00e3 loira de Jo\u00e3o Emanuel Carneiro, ela acabou mal aparecendo no n\u00facleo central da trama e n\u00e3o teve grandes momentos, na produ\u00e7\u00e3o que terminou como uma das piores audi\u00eancias da hist\u00f3ria da Globo na faixa.<\/p>\n<p>continua depois da publicidade<\/p>\n<p>A escala\u00e7\u00e3o para Quem Ama, Cuida tamb\u00e9m marca uma esp\u00e9cie de retorno de Mariana. Isso porque, 23 anos depois ela ir\u00e1 reencontrar Walcyr Carrasco, autor que lhe deu a primeira mocinha na Globo. Ela viveu, em 2003, Ana Francisca, em Chocolate Com Pimenta, trama de sucesso no hor\u00e1rio das seis.<\/p>\n","protected":false},"excerpt":{"rendered":"Mariana Ximenes estar\u00e1 de volta ao hor\u00e1rio das 21h dois anos depois de se frustrar no fracasso retumbante&hellip;\n","protected":false},"author":2,"featured_media":170543,"comment_status":"","ping_status":"","sticky":false,"template":"","format":"standard","meta":{"footnotes":""},"categories":[142],"tags":[35805,114,115,35803,32,33,35804,151,6903],"class_list":{"0":"post-170542","1":"post","2":"type-post","3":"status-publish","4":"format-standard","5":"has-post-thumbnail","7":"category-tv","8":"tag-cuida","9":"tag-entertainment","10":"tag-entretenimento","11":"tag-mariana-ximenes","12":"tag-portugal","13":"tag-pt","14":"tag-quem-ama","15":"tag-tv","16":"tag-walcyr-carrasco"},"share_on_mastodon":{"url":"https:\/\/pubeurope.com\/@pt\/115638762460910290","error":""},"_links":{"self":[{"href":"https:\/\/www.europesays.com\/pt\/wp-json\/wp\/v2\/posts\/170542","targetHints":{"allow":["GET"]}}],"collection":[{"href":"https:\/\/www.europesays.com\/pt\/wp-json\/wp\/v2\/posts"}],"about":[{"href":"https:\/\/www.europesays.com\/pt\/wp-json\/wp\/v2\/types\/post"}],"author":[{"embeddable":true,"href":"https:\/\/www.europesays.com\/pt\/wp-json\/wp\/v2\/users\/2"}],"replies":[{"embeddable":true,"href":"https:\/\/www.europesays.com\/pt\/wp-json\/wp\/v2\/comments?post=170542"}],"version-history":[{"count":0,"href":"https:\/\/www.europesays.com\/pt\/wp-json\/wp\/v2\/posts\/170542\/revisions"}],"wp:featuredmedia":[{"embeddable":true,"href":"https:\/\/www.europesays.com\/pt\/wp-json\/wp\/v2\/media\/170543"}],"wp:attachment":[{"href":"https:\/\/www.europesays.com\/pt\/wp-json\/wp\/v2\/media?parent=170542"}],"wp:term":[{"taxonomy":"category","embeddable":true,"href":"https:\/\/www.europesays.com\/pt\/wp-json\/wp\/v2\/categories?post=170542"},{"taxonomy":"post_tag","embeddable":true,"href":"https:\/\/www.europesays.com\/pt\/wp-json\/wp\/v2\/tags?post=170542"}],"curies":[{"name":"wp","href":"https:\/\/api.w.org\/{rel}","templated":true}]}}