{"id":170550,"date":"2025-11-30T13:05:39","date_gmt":"2025-11-30T13:05:39","guid":{"rendered":"https:\/\/www.europesays.com\/pt\/170550\/"},"modified":"2025-11-30T13:05:39","modified_gmt":"2025-11-30T13:05:39","slug":"pinto-quer-ser-valvula-de-escape-mendes-aposta-no-poder-da-palavra-debates-presidenciais-2026","status":"publish","type":"post","link":"https:\/\/www.europesays.com\/pt\/170550\/","title":{"rendered":"Pinto quer ser \u201cv\u00e1lvula de escape\u201d, Mendes aposta no poder da palavra | Debates presidenciais 2026"},"content":{"rendered":"<p>O confronto entre Jorge Pinto e <a href=\"https:\/\/www.publico.pt\/marques-mendes\" rel=\"nofollow noopener\" target=\"_blank\">Lu\u00eds Marques Mendes<\/a> deixou \u00e0 vista duas concep\u00e7\u00f5es distintas da Presid\u00eancia, mas tamb\u00e9m uma zona de entendimento m\u00ednimo, onde cabem a ambi\u00e7\u00e3o, a diversidade e a necessidade de preservar a estabilidade institucional. O debate deste s\u00e1bado na RTP1 exp\u00f4s como dilema central quem melhor garante equil\u00edbrio num ciclo pol\u00edtico marcado pela fragmenta\u00e7\u00e3o.<\/p>\n<p>Logo no arranque, os dois candidatos presidenciais transformaram <a href=\"https:\/\/www.publico.pt\/2025\/11\/27\/desporto\/noticia\/portugal-campeao-mundial-sub17-primeira-2156301\" rel=\"nofollow noopener\" target=\"_blank\">a vit\u00f3ria da selec\u00e7\u00e3o sub-17<\/a> no Mundial de futebol numa met\u00e1fora program\u00e1tica. Para <a href=\"https:\/\/www.publico.pt\/2025\/10\/22\/politica\/noticia\/jorge-pinto-livre-sera-candidato-belem-defender-ideais-republica-2151691\" rel=\"nofollow noopener\" target=\"_blank\">Jorge Pinto<\/a>, o triunfo \u201cmostra bem que a diversidade de Portugal \u00e9 a sua grande for\u00e7a\u201d, enquanto para Lu\u00eds Marques Mendes o epis\u00f3dio mostra \u201cum grande exemplo do que quero para o pa\u00eds: ambi\u00e7\u00e3o\u201d, encaixando a conquista na narrativa de supera\u00e7\u00e3o que tem procurado construir, centrada num pa\u00eds \u201cmais rico\u201d, \u201cmais justo\u201d e \u201cmais culto\u201d.<\/p>\n<p>As diferen\u00e7as tornaram-se mais evidentes quando o debate entrou na defini\u00e7\u00e3o do papel presidencial. Pinto defendeu que a fun\u00e7\u00e3o de chefe de Estado deve servir como \u201cv\u00e1lvula de escape da Rep\u00fablica\u201d, uma inst\u00e2ncia capaz de travar excessos quando um partido concentra demasiado poder. Mendes, por sua vez, sublinhou a \u201cmagistratura de influ\u00eancia\u201d e a import\u00e2ncia da palavra presidencial, insistindo que o Presidente deve \u201cintervir como mediador\u201d e que n\u00e3o \u00e9, nem deve ser, \u201cuma rainha de Inglaterra\u201d.<\/p>\n<p>O co-fundador e deputado do Livre n\u00e3o contestou essa centralidade da palavra, mas pediu uma Presid\u00eancia mais interventiva sempre que um partido \u201ctem um controlo tremendo no pa\u00eds\u201d, lembrando que, neste momento, os dois governos regionais da Madeira e A\u00e7ores, o Governo e a pr\u00f3pria Presid\u00eancia da Rep\u00fablica s\u00e3o liderados por sociais-democratas. \u00c9 tamb\u00e9m neste contexto que defende um Presidente que funcione como um contrapeso, capaz de impedir que \u201cos portugueses tenham os ovos todos no mesmo cesto\u201d.<\/p>\n<p>        &#13;<\/p>\n<p>&#13;<br \/>\n                &#13;\n            <\/p>\n<p>&#13;<\/p>\n<p>&#8220;N\u00e3o precisamos de mais dissolu\u00e7\u00f5es&#8221;<\/p>\n<p>As diverg\u00eancias aprofundaram-se tamb\u00e9m no pacote laboral e na pr\u00f3pria <a href=\"https:\/\/www.publico.pt\/constituicao-republica-portuguesa\" rel=\"nofollow noopener\" target=\"_blank\">Constitui\u00e7\u00e3o<\/a>. Pinto acusou Marques Mendes de \u201cfalta de clareza\u201d, recordando cr\u00edticas que o social-democrata dirigiu ao Tribunal Constitucional durante o per\u00edodo da troika, e defende uma Presid\u00eancia firme na protec\u00e7\u00e3o dos direitos laborais. Mendes rejeita a leitura e considera \u201cerrada\u201d a ideia de que uma eventual revis\u00e3o constitucional deveria justificar a dissolu\u00e7\u00e3o do Parlamento, como Pinto admitiu. &#8220;N\u00e3o precisamos de mais dissolu\u00e7\u00f5es, precisamos \u00e9 de estabilidade. Nunca falo de dissolu\u00e7\u00e3o porque o meu objectivo \u00e9 a estabilidade&#8221;, defendeu Mendes. Ainda assim, deixou um elogio ao advers\u00e1rio: &#8220;Ele pelo menos tem uma ideia, n\u00e3o \u00e9 como outros [candidatos presidenciais] que \u00e9 s\u00f3 ru\u00eddo&#8221;.<\/p>\n<p>N\u00e3o obstante, o tema da revis\u00e3o constitucional gerou um dos momentos de maior tens\u00e3o. Pinto alertou para o risco de uma revis\u00e3o conduzida apenas \u00e0 direita e exigiu que o advers\u00e1rio abandonasse o registo de comentador: \u201cHoje \u00e9 s\u00e1bado, n\u00e3o \u00e9 domingo. Isto \u00e9 um debate para decidir o pr\u00f3ximo Presidente da Rep\u00fablica e n\u00e3o um espa\u00e7o de semana de coment\u00e1rio\u201d, atirou depois de Mendes desvalorizar o tema, que acredita n\u00e3o ser uma das prioridades para os pr\u00f3ximos anos.<\/p>\n<p>No combate \u00e0 corrup\u00e7\u00e3o, houve pontos de contacto, mas tamb\u00e9m leituras opostas. Marques Mendes, actual conselheiro de Estado de Marcelo Rebelo de Sousa, prometeu dedicar o seu primeiro Conselho de Estado \u00e0 Justi\u00e7a, para exercer press\u00e3o institucional e \u201cexigir resultados\u201d. Pinto contrap\u00f4s que Portugal est\u00e1 \u201cobcecado\u201d com o lado repressivo, defendendo que o pa\u00eds deveria aproximar-se dos modelos preventivos de democracias com corrup\u00e7\u00e3o mais baixa, como a Dinamarca e a Nova Zel\u00e2ndia. Como exemplo, prop\u00f4s criar uma ag\u00eancia \u00fanica que agregasse o Mecanismo Nacional Anticorrup\u00e7\u00e3o, a Entidade de Contas e Financiamento dos Partidos e a <a href=\"https:\/\/www.publico.pt\/entidade-transparencia\" rel=\"nofollow noopener\" target=\"_blank\">Entidade para a Transpar\u00eancia.<\/a><\/p>\n<p>Quase a fechar o debate, a escolha de <a href=\"https:\/\/www.publico.pt\/2025\/11\/26\/opiniao\/editorial\/carlos-alexandre-heroi-capa-espada-sns-2156154\" rel=\"nofollow noopener\" target=\"_blank\">Carlos Alexandre<\/a> para liderar a nova unidade antifraude do Servi\u00e7o Nacional de Sa\u00fade cristalizou mais uma diverg\u00eancia. Para Pinto,<a href=\"https:\/\/www.publico.pt\/2025\/11\/28\/politica\/noticia\/jorge-pinto-avisa-problemas-sns-nao-vao-resolver-medidas-marketing-2156404\" rel=\"nofollow noopener\" target=\"_blank\"> trata-se de \u201cuma jogada de marketing\u201d<\/a>, questionando a experi\u00eancia do juiz na \u00e1rea da sa\u00fade. O candidato <a href=\"https:\/\/www.publico.pt\/2025\/11\/20\/politica\/noticia\/cds-declara-apoio-luis-marques-mendes-presidenciais-2155338\" rel=\"nofollow noopener\" target=\"_blank\">apoiado pelo PSD e CDS<\/a>, ao contr\u00e1rio, considerou a op\u00e7\u00e3o \u201cuma bel\u00edssima decis\u00e3o\u201d do Governo, sustentada no facto de o magistrado \u201cincutir respeito, para n\u00e3o dizer medo\u201d, desvalorizando a aus\u00eancia de experi\u00eancia espec\u00edfica.<\/p>\n<p>No cap\u00edtulo internacional, a <a href=\"https:\/\/www.publico.pt\/2025\/11\/27\/politica\/noticia\/marcelo-rangel-pedem-contencao-dialogo-apos-venezuela-revogar-licenca-tap-2156296\" rel=\"nofollow noopener\" target=\"_blank\">Venezuela<\/a> foi um dos poucos terrenos de unanimidade. Pinto repudiou \u201ctudo o que o regime de Nicol\u00e1s Maduro representa\u201d e defendeu um \u201cplano de emerg\u00eancia\u201d para apoiar luso-descendentes, sublinhando a import\u00e2ncia do respeito pelo direito internacional. J\u00e1 Mendes aproveitou para prometer uma Presid\u00eancia aberta \u00e0s comunidades no estrangeiro.<\/p>\n","protected":false},"excerpt":{"rendered":"O confronto entre Jorge Pinto e Lu\u00eds Marques Mendes deixou \u00e0 vista duas concep\u00e7\u00f5es distintas da Presid\u00eancia, mas&hellip;\n","protected":false},"author":2,"featured_media":170551,"comment_status":"","ping_status":"","sticky":false,"template":"","format":"standard","meta":{"footnotes":""},"categories":[10],"tags":[27,28,33707,15,16,14,28245,25,26,17461,21,22,12,13,19,20,52,32,1076,23,24,33,17,18,29,30,31],"class_list":{"0":"post-170550","1":"post","2":"type-post","3":"status-publish","4":"format-standard","5":"has-post-thumbnail","7":"category-portugal","8":"tag-breaking-news","9":"tag-breakingnews","10":"tag-debates-presidenciais-2026","11":"tag-featured-news","12":"tag-featurednews","13":"tag-headlines","14":"tag-jorge-pinto","15":"tag-latest-news","16":"tag-latestnews","17":"tag-luis-marques-mendes","18":"tag-main-news","19":"tag-mainnews","20":"tag-news","21":"tag-noticias","22":"tag-noticias-principais","23":"tag-noticiasprincipais","24":"tag-politica","25":"tag-portugal","26":"tag-presidenciais-2026","27":"tag-principais-noticias","28":"tag-principaisnoticias","29":"tag-pt","30":"tag-top-stories","31":"tag-topstories","32":"tag-ultimas","33":"tag-ultimas-noticias","34":"tag-ultimasnoticias"},"share_on_mastodon":{"url":"https:\/\/pubeurope.com\/@pt\/115638797790634091","error":""},"_links":{"self":[{"href":"https:\/\/www.europesays.com\/pt\/wp-json\/wp\/v2\/posts\/170550","targetHints":{"allow":["GET"]}}],"collection":[{"href":"https:\/\/www.europesays.com\/pt\/wp-json\/wp\/v2\/posts"}],"about":[{"href":"https:\/\/www.europesays.com\/pt\/wp-json\/wp\/v2\/types\/post"}],"author":[{"embeddable":true,"href":"https:\/\/www.europesays.com\/pt\/wp-json\/wp\/v2\/users\/2"}],"replies":[{"embeddable":true,"href":"https:\/\/www.europesays.com\/pt\/wp-json\/wp\/v2\/comments?post=170550"}],"version-history":[{"count":0,"href":"https:\/\/www.europesays.com\/pt\/wp-json\/wp\/v2\/posts\/170550\/revisions"}],"wp:featuredmedia":[{"embeddable":true,"href":"https:\/\/www.europesays.com\/pt\/wp-json\/wp\/v2\/media\/170551"}],"wp:attachment":[{"href":"https:\/\/www.europesays.com\/pt\/wp-json\/wp\/v2\/media?parent=170550"}],"wp:term":[{"taxonomy":"category","embeddable":true,"href":"https:\/\/www.europesays.com\/pt\/wp-json\/wp\/v2\/categories?post=170550"},{"taxonomy":"post_tag","embeddable":true,"href":"https:\/\/www.europesays.com\/pt\/wp-json\/wp\/v2\/tags?post=170550"}],"curies":[{"name":"wp","href":"https:\/\/api.w.org\/{rel}","templated":true}]}}