{"id":170562,"date":"2025-11-30T13:17:08","date_gmt":"2025-11-30T13:17:08","guid":{"rendered":"https:\/\/www.europesays.com\/pt\/170562\/"},"modified":"2025-11-30T13:17:08","modified_gmt":"2025-11-30T13:17:08","slug":"casas-pre-fabricadas-e-preciso-vencer-o-preconceito-de-que-sao-feias","status":"publish","type":"post","link":"https:\/\/www.europesays.com\/pt\/170562\/","title":{"rendered":"Casas pr\u00e9-fabricadas? \u201c\u00c9 preciso vencer o preconceito de que s\u00e3o feias\u201d"},"content":{"rendered":"<p>        Casas pr\u00e9-fabricadas versus constru\u00e7\u00e3o industrializada. Este foi o principal ponto debatido no painel dedicado \u00e0 constru\u00e7\u00e3o industrializada.    <\/p>\n<p>Para Nuno Neves, head of design da empresa bysteel \u201c\u00e9 preciso vencer o preconceito, de que de repente, tudo o que envolve a pr\u00e9-fabrica\u00e7\u00e3o de casas \u00e9 feio\u201d. O respons\u00e1vel foi mais longe na sua defesa sobre este tipo de constru\u00e7\u00e3o, salientando que \u00e9 necess\u00e1rio desmistificar o conceito de que uma casa pr\u00e9-fabricada \u201c\u00e9 para as pessoas com menos posses\u201d.<br \/>Por seu turno Diego Souza, arquiteto e docente na faculdade de arquitetura da Universidade do Porto, salientou que \u00e9 preciso pensar antes numa solu\u00e7\u00e3o, at\u00e9 porque, recordou a pr\u00e9-fabrica\u00e7\u00e3o tem sido apresentada h\u00e1 100 anos como a solu\u00e7\u00e3o para muitas coisas. \u201cN\u00e3o sou contra a pr\u00e9-fabrica\u00e7\u00e3o, a industrializa\u00e7\u00e3o, mas acho que \u00e9 importante reconhecer que a ind\u00fastria e arquitetura j\u00e1 avan\u00e7aram e h\u00e1 uma interliga\u00e7\u00e3o enorme entre esses dois mundos\u201d, sublinhou.<br \/>Presente neste painel esteve David Gomes Andrade, investigador da Universidade de Coimbra que considerou que Portugal tem uma oportunidade clara, no sentido da constru\u00e7\u00e3o industrializada come\u00e7ar um novo caminho no sentido de resolver os problemas da habita\u00e7\u00e3o. \u201cN\u00e3o temos que inventar a roda, temos que a fazer girar mais depressa. Em Portugal, a constru\u00e7\u00e3o industrializada ainda n\u00e3o vingou, porque faltou algum desenvolvimento\u201d, referiu.<br \/>Por sua vez, Nuno Capa, arquiteto da gabinete Arquitetura e Design considera que existe um caminho a percorrer para desenvolver a constru\u00e7\u00e3o modular.<\/p>\n","protected":false},"excerpt":{"rendered":"Casas pr\u00e9-fabricadas versus constru\u00e7\u00e3o industrializada. Este foi o principal ponto debatido no painel dedicado \u00e0 constru\u00e7\u00e3o industrializada. Para&hellip;\n","protected":false},"author":2,"featured_media":170563,"comment_status":"","ping_status":"","sticky":false,"template":"","format":"standard","meta":{"footnotes":""},"categories":[83],"tags":[88,362,89,90,456,32,33],"class_list":{"0":"post-170562","1":"post","2":"type-post","3":"status-publish","4":"format-standard","5":"has-post-thumbnail","7":"category-empresas","8":"tag-business","9":"tag-casas","10":"tag-economy","11":"tag-empresas","12":"tag-habitacao","13":"tag-portugal","14":"tag-pt"},"share_on_mastodon":{"url":"https:\/\/pubeurope.com\/@pt\/115638845121841168","error":""},"_links":{"self":[{"href":"https:\/\/www.europesays.com\/pt\/wp-json\/wp\/v2\/posts\/170562","targetHints":{"allow":["GET"]}}],"collection":[{"href":"https:\/\/www.europesays.com\/pt\/wp-json\/wp\/v2\/posts"}],"about":[{"href":"https:\/\/www.europesays.com\/pt\/wp-json\/wp\/v2\/types\/post"}],"author":[{"embeddable":true,"href":"https:\/\/www.europesays.com\/pt\/wp-json\/wp\/v2\/users\/2"}],"replies":[{"embeddable":true,"href":"https:\/\/www.europesays.com\/pt\/wp-json\/wp\/v2\/comments?post=170562"}],"version-history":[{"count":0,"href":"https:\/\/www.europesays.com\/pt\/wp-json\/wp\/v2\/posts\/170562\/revisions"}],"wp:featuredmedia":[{"embeddable":true,"href":"https:\/\/www.europesays.com\/pt\/wp-json\/wp\/v2\/media\/170563"}],"wp:attachment":[{"href":"https:\/\/www.europesays.com\/pt\/wp-json\/wp\/v2\/media?parent=170562"}],"wp:term":[{"taxonomy":"category","embeddable":true,"href":"https:\/\/www.europesays.com\/pt\/wp-json\/wp\/v2\/categories?post=170562"},{"taxonomy":"post_tag","embeddable":true,"href":"https:\/\/www.europesays.com\/pt\/wp-json\/wp\/v2\/tags?post=170562"}],"curies":[{"name":"wp","href":"https:\/\/api.w.org\/{rel}","templated":true}]}}