{"id":170564,"date":"2025-11-30T13:18:08","date_gmt":"2025-11-30T13:18:08","guid":{"rendered":"https:\/\/www.europesays.com\/pt\/170564\/"},"modified":"2025-11-30T13:18:08","modified_gmt":"2025-11-30T13:18:08","slug":"matar-todos-eua-terao-feito-segundo-ataque-contra-barco-para-abater-sobreviventes","status":"publish","type":"post","link":"https:\/\/www.europesays.com\/pt\/170564\/","title":{"rendered":"&#8220;Matar todos&#8221;. EUA ter\u00e3o feito segundo ataque contra barco para abater sobreviventes"},"content":{"rendered":"<p data-remotead-prev-elm=\"true\" data-remotead-elm-id=\"inread\">O senador republicano Roger Wicker, que \u00e9 frequentemente um aliado do presidente dos Estados Unidos, Donald Trump, anunciou na sexta-feira, em comunicado, a investiga\u00e7\u00e3o dos detalhes do alegado ataque de 2 de setembro. O comunicado foi assinado tamb\u00e9m por Jack Reed, senador democrata daquela comiss\u00e3o.<\/p>\n<p>De acordo com o jornal &#8220;The Washington Post&#8221;, que citou duas fontes familiarizadas com a opera\u00e7\u00e3o, depois de um primeiro m\u00edssil ter atingido o barco, os comandantes aperceberam-se que dois membros da tripula\u00e7\u00e3o estavam agarrados aos destro\u00e7os.<\/p>\n<p>O comandante que liderava a opera\u00e7\u00e3o deu ordem para um segundo ataque, para cumprir as instru\u00e7\u00f5es do secret\u00e1rio de Defesa, Pete Hegseth, que ordenou &#8220;matar todos&#8221; os que se encontravam no barco.<\/p>\n<p data-remotead-prev-elm=\"true\" data-remotead-elm-id=\"centro1\">&#8220;A comiss\u00e3o solicitou informa\u00e7\u00f5es ao departamento e procederemos a uma supervis\u00e3o rigorosa para apurar os factos que envolvem estas circunst\u00e2ncias&#8221;, escreveram os senadores no comunicado.<\/p>\n<p>Hegseth classificou a reportagem do jornal como &#8220;fake news [not\u00edcias falsas]&#8221;, uma express\u00e3o recorrente na Casa Branca para se referir a informa\u00e7\u00f5es negativas.<\/p>\n<p>Mas o respons\u00e1vel ter\u00e1 de explicar \u00e0 comiss\u00e3o o alegado ataque, descrito pelos deputados democratas como um &#8220;crime de guerra&#8221;.<\/p>\n<p data-remotead-prev-elm=\"true\" data-remotead-elm-id=\"centro2\">Wicker, que representa o Mississippi, j\u00e1 se mostrou outras vezes disposto a discordar da administra\u00e7\u00e3o Trump. Na semana passada, numa mensagem na rede social X, insurgiu-se contra o &#8220;alegado &#8216;plano de paz'&#8221; de Trump para a Ucr\u00e2nia, que favorece a R\u00fassia.<\/p>\n<p>&#8220;Qualquer garantia que se d\u00ea a Putin n\u00e3o deve recompensar o seu comportamento maligno nem minar a seguran\u00e7a dos Estados Unidos e dos seus aliados&#8221;, disse o republicano.<\/p>\n","protected":false},"excerpt":{"rendered":"O senador republicano Roger Wicker, que \u00e9 frequentemente um aliado do presidente dos Estados Unidos, Donald Trump, anunciou&hellip;\n","protected":false},"author":2,"featured_media":170565,"comment_status":"","ping_status":"","sticky":false,"template":"","format":"standard","meta":{"footnotes":""},"categories":[50],"tags":[27,28,9109,413,15,16,14,25,26,21,22,62,12,13,19,20,23,24,17,18,29,30,31,63,64,65],"class_list":{"0":"post-170564","1":"post","2":"type-post","3":"status-publish","4":"format-standard","5":"has-post-thumbnail","7":"category-mundo","8":"tag-breaking-news","9":"tag-breakingnews","10":"tag-caraibas","11":"tag-eua","12":"tag-featured-news","13":"tag-featurednews","14":"tag-headlines","15":"tag-latest-news","16":"tag-latestnews","17":"tag-main-news","18":"tag-mainnews","19":"tag-mundo","20":"tag-news","21":"tag-noticias","22":"tag-noticias-principais","23":"tag-noticiasprincipais","24":"tag-principais-noticias","25":"tag-principaisnoticias","26":"tag-top-stories","27":"tag-topstories","28":"tag-ultimas","29":"tag-ultimas-noticias","30":"tag-ultimasnoticias","31":"tag-world","32":"tag-world-news","33":"tag-worldnews"},"share_on_mastodon":{"url":"https:\/\/pubeurope.com\/@pt\/115638849047330592","error":""},"_links":{"self":[{"href":"https:\/\/www.europesays.com\/pt\/wp-json\/wp\/v2\/posts\/170564","targetHints":{"allow":["GET"]}}],"collection":[{"href":"https:\/\/www.europesays.com\/pt\/wp-json\/wp\/v2\/posts"}],"about":[{"href":"https:\/\/www.europesays.com\/pt\/wp-json\/wp\/v2\/types\/post"}],"author":[{"embeddable":true,"href":"https:\/\/www.europesays.com\/pt\/wp-json\/wp\/v2\/users\/2"}],"replies":[{"embeddable":true,"href":"https:\/\/www.europesays.com\/pt\/wp-json\/wp\/v2\/comments?post=170564"}],"version-history":[{"count":0,"href":"https:\/\/www.europesays.com\/pt\/wp-json\/wp\/v2\/posts\/170564\/revisions"}],"wp:featuredmedia":[{"embeddable":true,"href":"https:\/\/www.europesays.com\/pt\/wp-json\/wp\/v2\/media\/170565"}],"wp:attachment":[{"href":"https:\/\/www.europesays.com\/pt\/wp-json\/wp\/v2\/media?parent=170564"}],"wp:term":[{"taxonomy":"category","embeddable":true,"href":"https:\/\/www.europesays.com\/pt\/wp-json\/wp\/v2\/categories?post=170564"},{"taxonomy":"post_tag","embeddable":true,"href":"https:\/\/www.europesays.com\/pt\/wp-json\/wp\/v2\/tags?post=170564"}],"curies":[{"name":"wp","href":"https:\/\/api.w.org\/{rel}","templated":true}]}}