{"id":170566,"date":"2025-11-30T13:19:10","date_gmt":"2025-11-30T13:19:10","guid":{"rendered":"https:\/\/www.europesays.com\/pt\/170566\/"},"modified":"2025-11-30T13:19:10","modified_gmt":"2025-11-30T13:19:10","slug":"morreu-o-empresario-e-antigo-presidente-da-mota-engil-antonio-mota","status":"publish","type":"post","link":"https:\/\/www.europesays.com\/pt\/170566\/","title":{"rendered":"Morreu o empres\u00e1rio e antigo presidente da Mota-Engil Ant\u00f3nio Mota"},"content":{"rendered":"<p>&#13;<br \/>\nO antigo presidente da Mota-Engil, Ant\u00f3nio Mota, morreu este domingo no Porto aos 71 anos, anunciou o grupo, recordando-o como um &#8220;l\u00edder hist\u00f3rico&#8221;, e um &#8220;empres\u00e1rio vision\u00e1rio&#8221; de &#8220;enorme humanidade&#8221;.<\/p>\n<p>&#8220;O Grupo Mota-Engil vem informar com o mais profundo pesar e consterna\u00e7\u00e3o que <b>faleceu hoje de manh\u00e3, na cidade do Porto, o engenheiro Ant\u00f3nio Mota<\/b>, l\u00edder hist\u00f3rico do grupo [do qual] assumiu a presid\u00eancia durante mais de 27 anos, entre 1995 e janeiro de 2023&#8243;, l\u00ea-se num comunicado.&#13;\n<\/p>\n<p>&#13;<br \/>\n&#8220;Hoje parte um homem extraordin\u00e1rio pelo empres\u00e1rio vision\u00e1rio que deixa um legado \u00edmpar, como pelo esp\u00edrito humanista e solid\u00e1rio que sempre teve para com a sociedade, e a marca que deixa em cada um dos que o conheceram&#8221;, acrescenta.<\/p>\n<p>A Mota-Engil refere ainda que <b>&#8220;perde hoje uma figura marcante na sua hist\u00f3ria a quem muito deve o que \u00e9 hoje&#8221;<\/b>, considerando\u00a0Ant\u00f3nio Mota &#8220;um exemplo maior na capacidade de inspirar equipas, criando rela\u00e7\u00f5es de proximidade e respeito com as diferentes gera\u00e7\u00f5es que foi acolhendo no seio da empresa, e que a cada um fazia sentir como parte integrante de uma grande fam\u00edlia&#8221;.<\/p>\n<p>&#8220;Sendo uma refer\u00eancia maior na Fam\u00edlia Mota-Engil, gostava quando o tratavam como O mais Velho, uma distin\u00e7\u00e3o que conheceu em Angola na sua juventude e que hoje representava exemplarmente como a voz sempre presente, com a experi\u00eancia e o conhecimento profundo do que sabia ser o melhor para o Grupo e para cada um de n\u00f3s&#8221;, acrescenta o grupo.&#13;\n<\/p>\n<p>&#13;<br \/>\n<b>As cerim\u00f3nias f\u00fanebres ter\u00e3o lugar segunda-feira, dia 1 de dezembro, com o vel\u00f3rio a ter lugar pelas 10h30 na Igreja de S\u00e3o Gon\u00e7alo, em Amarante<\/b>, seguido de missa pelas 15h00 no mesmo local, de onde seguir\u00e1 o corpo para o jazigo da fam\u00edlia, no cemit\u00e9rio de Amarante.<\/p>\n<p>&#8220;A Administra\u00e7\u00e3o do Grupo Mota-Engil, bem como os seus mais de 52 mil colaboradores associam-se nesta hora para transmitir \u00e0 Fam\u00edlia Mota as mais sinceras condol\u00eancias&#8221;, refere, por fim, o comunicado.Presidente e primeiro-ministro evocam Ant\u00f3nio Mota<br \/>&#13;<br \/>\nNo site da Presid\u00eancia, Marcelo Rebelo de Sousa apresentou os sentimentos \u00e0 fam\u00edlia.<\/p>\n<p>\u201cAnt\u00f3nio Mota marcou o mundo empresarial e a sociedade portuguesa em geral. Deu continuidade \u00e0 obra de seu pai Manuel Ant\u00f3nio da Mota e projetou-a em todos os continentes, <b>criando um dos mais poderosos, conhecidos e influentes grupos da nossa economia<\/b>\u201d, escreveu o chefe de Estado.<\/p>\n<p>\u201cJuntou a lideran\u00e7a \u00e0 empatia, a humanidade ao dinamismo, a simplicidade \u00e0 efic\u00e1cia. <b>Sem ele as \u00faltimas d\u00e9cadas da nossa economia teriam sido diferentes<\/b>\u201d, acrescentou.<\/p>\n<p>Marcelo Rebelo de Sousa real\u00e7ou ainda que Ant\u00f3nio Mota \u201csoube preparar a tempo a sua sucess\u00e3o\u201d de modo a que \u201cas jovens gera\u00e7\u00f5es saibam corresponder \u00e0 vis\u00e3o do seu antepassado\u201d.<\/p>\n<p>Tamb\u00e9m o primeiro-ministro apresentou condol\u00eancias \u00e0 fam\u00edlia e amigos de Ant\u00f3nio Mota, recordando o empres\u00e1rio como um &#8220;empreendedor que tornou global uma empresa familiar portuguesa&#8221;.<\/p>\n<p><b>&#8220;Deixa marca incontorn\u00e1vel de ambi\u00e7\u00e3o, lideran\u00e7a, humanidade e sucesso. As minhas condol\u00eancias, em nome pessoal e do Governo, \u00e0 fam\u00edlia, aos colaboradores e aos amigos&#8221;<\/b>, escreveu Lu\u00eds Montenegro na rede social X.<br \/>&#13;\n<\/p>\n<blockquote class=\"twitter-tweet\"><p>&#13;<\/p>\n<p dir=\"ltr\" lang=\"pt\">&#13;<br \/>\n\tMuito sentida homenagem a Ant\u00f3nio Mota &#8211; empreendedor que tornou global uma empresa familiar portuguesa, e deixa marca incontorn\u00e1vel de ambi\u00e7\u00e3o, lideran\u00e7a, humanidade e sucesso.<br \/>&#13;<br \/>\n\tAs minhas condol\u00eancias, em nome pessoal e do Governo, \u00e0 Fam\u00edlia, aos colaboradores e aos amigos.&#13;\n\t<\/p>\n<p>&#13;<br \/>\n\t\u2014 Lu\u00eds Montenegro (@LMontenegro_PT) <a href=\"https:\/\/twitter.com\/LMontenegro_PT\/status\/1995100889393340592?ref_src=twsrc%5Etfw\" rel=\"nofollow noopener\" target=\"_blank\">November 30, 2025<\/a>&#13;\n<\/p><\/blockquote>\n<p>&#13;<br \/>\n\u00a0&#13;\n<\/p>\n<p>            <script async src=\"https:\/\/platform.twitter.com\/widgets.js\" charset=\"utf-8\"><\/script><\/p>\n","protected":false},"excerpt":{"rendered":"&#13; O antigo presidente da Mota-Engil, Ant\u00f3nio Mota, morreu este domingo no Porto aos 71 anos, anunciou o&hellip;\n","protected":false},"author":2,"featured_media":170567,"comment_status":"","ping_status":"","sticky":false,"template":"","format":"standard","meta":{"footnotes":""},"categories":[10],"tags":[35806,27,28,15,16,14,25,26,21,22,7268,12,13,19,20,32,23,24,33,17,18,29,30,31],"class_list":{"0":"post-170566","1":"post","2":"type-post","3":"status-publish","4":"format-standard","5":"has-post-thumbnail","7":"category-portugal","8":"tag-antonio-mota","9":"tag-breaking-news","10":"tag-breakingnews","11":"tag-featured-news","12":"tag-featurednews","13":"tag-headlines","14":"tag-latest-news","15":"tag-latestnews","16":"tag-main-news","17":"tag-mainnews","18":"tag-mota-engil","19":"tag-news","20":"tag-noticias","21":"tag-noticias-principais","22":"tag-noticiasprincipais","23":"tag-portugal","24":"tag-principais-noticias","25":"tag-principaisnoticias","26":"tag-pt","27":"tag-top-stories","28":"tag-topstories","29":"tag-ultimas","30":"tag-ultimas-noticias","31":"tag-ultimasnoticias"},"share_on_mastodon":{"url":"https:\/\/pubeurope.com\/@pt\/115638853036662282","error":""},"_links":{"self":[{"href":"https:\/\/www.europesays.com\/pt\/wp-json\/wp\/v2\/posts\/170566","targetHints":{"allow":["GET"]}}],"collection":[{"href":"https:\/\/www.europesays.com\/pt\/wp-json\/wp\/v2\/posts"}],"about":[{"href":"https:\/\/www.europesays.com\/pt\/wp-json\/wp\/v2\/types\/post"}],"author":[{"embeddable":true,"href":"https:\/\/www.europesays.com\/pt\/wp-json\/wp\/v2\/users\/2"}],"replies":[{"embeddable":true,"href":"https:\/\/www.europesays.com\/pt\/wp-json\/wp\/v2\/comments?post=170566"}],"version-history":[{"count":0,"href":"https:\/\/www.europesays.com\/pt\/wp-json\/wp\/v2\/posts\/170566\/revisions"}],"wp:featuredmedia":[{"embeddable":true,"href":"https:\/\/www.europesays.com\/pt\/wp-json\/wp\/v2\/media\/170567"}],"wp:attachment":[{"href":"https:\/\/www.europesays.com\/pt\/wp-json\/wp\/v2\/media?parent=170566"}],"wp:term":[{"taxonomy":"category","embeddable":true,"href":"https:\/\/www.europesays.com\/pt\/wp-json\/wp\/v2\/categories?post=170566"},{"taxonomy":"post_tag","embeddable":true,"href":"https:\/\/www.europesays.com\/pt\/wp-json\/wp\/v2\/tags?post=170566"}],"curies":[{"name":"wp","href":"https:\/\/api.w.org\/{rel}","templated":true}]}}