{"id":170568,"date":"2025-11-30T13:20:29","date_gmt":"2025-11-30T13:20:29","guid":{"rendered":"https:\/\/www.europesays.com\/pt\/170568\/"},"modified":"2025-11-30T13:20:29","modified_gmt":"2025-11-30T13:20:29","slug":"benfica-inicia-primeiros-contactos-por-internacional-portugues","status":"publish","type":"post","link":"https:\/\/www.europesays.com\/pt\/170568\/","title":{"rendered":"Benfica inicia primeiros contactos por internacional portugu\u00eas"},"content":{"rendered":"<p>&#8211; Advertisement &#8211;<\/p>\n<p>O <a href=\"https:\/\/bolanarede.pt\/etiqueta\/benfica\/\" target=\"_blank\" rel=\"noreferrer noopener nofollow\">Benfica <\/a>est\u00e1 interessado numa poss\u00edvel contrata\u00e7\u00e3o de Raphael Guerreiro, garante a CNN Portugal. A mesma fonte refere que os encarnados j\u00e1 iniciaram os primeiros contactos pelo jogador, que \u00e9 alvo priorit\u00e1rio j\u00e1 para o mercado de janeiro.<\/p>\n<p>De acordo com a mesma fonte, Jos\u00e9 Mourinho v\u00ea com bons olhos a contrata\u00e7\u00e3o de Raphael Guerreiro. O lateral de 31 anos termina contrato com o Bayern Munique no pr\u00f3ximo ver\u00e3o e ficar\u00e1, desta forma, livre para assinar a custo zero a partir do janeiro.<\/p>\n<p>Esta temporada, Raphael Guerreiro regista at\u00e9 ao momento dois golos e duas assist\u00eancias em 12 partidas.<\/p>\n<blockquote class=\"twitter-tweet\" data-width=\"550\" data-dnt=\"true\">\n<p lang=\"pt\" dir=\"ltr\">\ud83d\udea8\ud83d\udea8 Rapha\u00ebl Guerreiro \u00e9 alvo priorit\u00e1rio do Benfica, avan\u00e7a Nuno Farinha na <a href=\"https:\/\/twitter.com\/cnnportugal?ref_src=twsrc%5Etfw\" rel=\"nofollow noopener\" target=\"_blank\">@cnnportugal<\/a>.<br \/>O lataral de 31 anos est\u00e1 em final de contrato com o FC Bayern e fica livre para assinar a custo zero a partir de Janeiro. <a href=\"https:\/\/t.co\/R3KjqHQKIE\" rel=\"nofollow\">pic.twitter.com\/R3KjqHQKIE<\/a><\/p>\n<p>\u2014 Di\u00e1rio de Transfer\u00eancias (@DTransferencias) <a href=\"https:\/\/twitter.com\/DTransferencias\/status\/1994800053576225217?ref_src=twsrc%5Etfw\" rel=\"nofollow noopener\" target=\"_blank\">November 29, 2025<\/a><\/p><\/blockquote>\n<p><script async src=\"https:\/\/platform.twitter.com\/widgets.js\" charset=\"utf-8\"><\/script><\/p>\n","protected":false},"excerpt":{"rendered":"&#8211; Advertisement &#8211; O Benfica est\u00e1 interessado numa poss\u00edvel contrata\u00e7\u00e3o de Raphael Guerreiro, garante a CNN Portugal. A&hellip;\n","protected":false},"author":2,"featured_media":168672,"comment_status":"","ping_status":"","sticky":false,"template":"","format":"standard","meta":{"footnotes":""},"categories":[8],"tags":[260,51,27,28,478,15,16,14,25,26,21,22,12,13,19,20,32,23,24,33,7467,17,18,29,30,31],"class_list":{"0":"post-170568","1":"post","2":"type-post","3":"status-publish","4":"format-standard","5":"has-post-thumbnail","7":"category-principais-noticias","8":"tag-atualidade","9":"tag-benfica","10":"tag-breaking-news","11":"tag-breakingnews","12":"tag-destaques-bnr","13":"tag-featured-news","14":"tag-featurednews","15":"tag-headlines","16":"tag-latest-news","17":"tag-latestnews","18":"tag-main-news","19":"tag-mainnews","20":"tag-news","21":"tag-noticias","22":"tag-noticias-principais","23":"tag-noticiasprincipais","24":"tag-portugal","25":"tag-principais-noticias","26":"tag-principaisnoticias","27":"tag-pt","28":"tag-raphael-guerreiro","29":"tag-top-stories","30":"tag-topstories","31":"tag-ultimas","32":"tag-ultimas-noticias","33":"tag-ultimasnoticias"},"share_on_mastodon":{"url":"https:\/\/pubeurope.com\/@pt\/115638856911437700","error":""},"_links":{"self":[{"href":"https:\/\/www.europesays.com\/pt\/wp-json\/wp\/v2\/posts\/170568","targetHints":{"allow":["GET"]}}],"collection":[{"href":"https:\/\/www.europesays.com\/pt\/wp-json\/wp\/v2\/posts"}],"about":[{"href":"https:\/\/www.europesays.com\/pt\/wp-json\/wp\/v2\/types\/post"}],"author":[{"embeddable":true,"href":"https:\/\/www.europesays.com\/pt\/wp-json\/wp\/v2\/users\/2"}],"replies":[{"embeddable":true,"href":"https:\/\/www.europesays.com\/pt\/wp-json\/wp\/v2\/comments?post=170568"}],"version-history":[{"count":0,"href":"https:\/\/www.europesays.com\/pt\/wp-json\/wp\/v2\/posts\/170568\/revisions"}],"wp:featuredmedia":[{"embeddable":true,"href":"https:\/\/www.europesays.com\/pt\/wp-json\/wp\/v2\/media\/168672"}],"wp:attachment":[{"href":"https:\/\/www.europesays.com\/pt\/wp-json\/wp\/v2\/media?parent=170568"}],"wp:term":[{"taxonomy":"category","embeddable":true,"href":"https:\/\/www.europesays.com\/pt\/wp-json\/wp\/v2\/categories?post=170568"},{"taxonomy":"post_tag","embeddable":true,"href":"https:\/\/www.europesays.com\/pt\/wp-json\/wp\/v2\/tags?post=170568"}],"curies":[{"name":"wp","href":"https:\/\/api.w.org\/{rel}","templated":true}]}}