{"id":170577,"date":"2025-11-30T13:30:10","date_gmt":"2025-11-30T13:30:10","guid":{"rendered":"https:\/\/www.europesays.com\/pt\/170577\/"},"modified":"2025-11-30T13:30:10","modified_gmt":"2025-11-30T13:30:10","slug":"as-melhores-ofertas-de-macbook-da-cyber-monday-preco-recorde-no-macbook-air-m4-e-macbook-professional-m5","status":"publish","type":"post","link":"https:\/\/www.europesays.com\/pt\/170577\/","title":{"rendered":"As melhores ofertas de MacBook da Cyber \u200b\u200b\u200b\u200bMonday: pre\u00e7o recorde no MacBook Air M4 e MacBook Professional M5"},"content":{"rendered":"<p>        Resumo das melhores ofertas do Cyber \u200b\u200b\u200b\u200bMonday MacBook:\n    <\/p>\n<p>                                            <img decoding=\"async\" class=\"my-auto mx-auto max-h-full\" src=\"https:\/\/www.europesays.com\/pt\/wp-content\/uploads\/2025\/11\/images-2.fit_lim.size_220x133.v1764490705.png\" alt=\"o Apple MacBook Pro, 14 polegadas (M4 Pro, 24 GB de RAM, SSD de 512 GB)\" width=\"220\" height=\"133\" loading=\"lazy\"\/><\/p>\n<p>                                            <img decoding=\"async\" class=\"my-auto mx-auto max-h-full\" src=\"https:\/\/www.europesays.com\/pt\/wp-content\/uploads\/2025\/11\/images-2.fit_lim.size_220x133.v1764490705.png\" alt=\"o Apple MacBook Pro, 14 polegadas (M4 Pro, 24 GB de RAM, SSD de 512 GB)\" width=\"220\" height=\"133\" loading=\"lazy\"\/><\/p>\n<p>A Black Friday tecnicamente acabou, mas os varejistas continuam a oferecer descontos significativos em MacBooks \u00e0 medida que avan\u00e7amos para a Cyber \u200b\u200b\u200b\u200bMonday. Na verdade, os descontos atualmente em vigor marcam os pre\u00e7os mais baixos da temporada de compras natalinas para os principais modelos de 2025 \u2013 todos os quais ainda est\u00e3o \u00e0 venda no momento.<\/p>\n<p>Amazon e Greatest Purchase inclu\u00edram suas vendas da Black Friday diretamente em seus eventos Cyber \u200b\u200b\u200b\u200bWeekend, e seus neg\u00f3cios em laptops Apple continuam fortes. Alguns destaques incluem o M4 MacBook Air at\u00e9 US$ 749 e o mais recente MacBook Professional com chip M5, ainda obtendo seu maior desconto, economizando US$ 200.<\/p>\n<p>        VEJA TAMB\u00c9M:<\/p>\n<p>            Tudo o que voc\u00ea precisa saber sobre a Black Friday 2025: melhores ofertas antecipadas, datas de venda, correspond\u00eancia de pre\u00e7os e muito mais<\/p>\n<p>Essas ofertas superam o que voc\u00ea encontrar\u00e1 na Apple Retailer. Como de costume, a marca est\u00e1 realizando sua promo\u00e7\u00e3o de vale-presente da Black Friday, que lhe d\u00e1 uma pequena quantia para usar em produtos Apple depois voc\u00ea fez sua compra. Mas no que diz respeito aos descontos, a Apple ficar\u00e1 privada de descontos como os que voc\u00ea encontra em outros lugares. Mas aqui est\u00e3o as boas not\u00edcias. Se voc\u00ea est\u00e1 procurando mais economia da Apple em iPads, AirPads e muito mais, voc\u00ea pode verificar nossas recomenda\u00e7\u00f5es de ofertas da Apple e inscrever-se para receber alertas de ofertas do Mashable por texto.<\/p>\n<p>Ofertas recomendadas para voc\u00ea<\/p>\n<p>    Fones de ouvido sem fio Apple AirPods Professional 3 com cancelamento de ru\u00eddo e frequ\u00eancia card\u00edaca<\/p>\n<p>                                             \u2013<br \/><strong>US$ 219,99<\/strong><\/p>\n<p>                                            (Pre\u00e7o de tabela $ 249,00)\n                                    <\/p>\n<p>    Pill Amazon Hearth HD 10 de 32 GB (vers\u00e3o 2023, preto)<\/p>\n<p>                                             \u2013<br \/><strong>US$ 69,99<\/strong><\/p>\n<p>                                            (Pre\u00e7o de tabela $ 139,99)\n                                    <\/p>\n<p>    Fones de ouvido sem fio com cancelamento de ru\u00eddo Sony WH-1000XM5<\/p>\n<p>                                             \u2013<br \/><strong>US$ 248,00<\/strong><\/p>\n<p>                                            (Pre\u00e7o de tabela $ 399,99)\n                                    <\/p>\n<p>    C\u00e2mera de seguran\u00e7a Blink Out of doors 4 1080p (pacote com 5)<\/p>\n<p>                                             \u2013<br \/><strong>US$ 159,99<\/strong><\/p>\n<p>                                            (Pre\u00e7o de tabela $ 399,99)\n                                    <\/p>\n<p>    Dispositivo de streaming Hearth TV Stick 4K com controle remoto (modelo 2023)<\/p>\n<p>                                             \u2013<br \/><strong>US$ 24,99<\/strong><\/p>\n<p>                                            (Pre\u00e7o de tabela $ 49,99)\n                                    <\/p>\n<p>    Rob\u00f4 aspirador Shark AV2511AE AI com base auto-vazia XL<\/p>\n<p>                                             \u2013<br \/><strong>US$ 249,99<\/strong><\/p>\n<p>                                            (Pre\u00e7o de tabela $ 599,00)\n                                    <\/p>\n<p>    Apple Watch Sequence 11 (GPS, 42 mm, pulseira esportiva preta S\/M)<\/p>\n<p>                                             \u2013<br \/><strong>US$ 339,00<\/strong><\/p>\n<p>                                            (Pre\u00e7o de tabela $ 399,00)\n                                    <\/p>\n<p>    Disco r\u00edgido externo port\u00e1til WD 6 TB My Passport USB 3.0<\/p>\n<p>                                             \u2013<br \/><strong>US$ 138,65<\/strong><\/p>\n<p>                                            (Pre\u00e7o de tabela $ 179,99)\n                                    <\/p>\n<p>    Pocket book Dell 14 Premium Intel Extremely 7 512 GB SSD 16 GB RAM 2K<\/p>\n<p>                                             \u2013<br \/><strong>US$ 999,99<\/strong><\/p>\n<p>                                            (Pre\u00e7o de tabela $ 1.549,99)\n                                    <\/p>\n<p>    Pill Apple iPad 11\u2033 128 GB Wi-Fi Retina (azul, vers\u00e3o 2025)<\/p>\n<p>                                              \u2013<br \/><strong>US$ 271,29<\/strong><\/p>\n<p>                                            (Pre\u00e7o de tabela $ 349,00)\n                                    <\/p>\n<p>Para obter as melhores ofertas de MacBook da Cyber \u200b\u200b\u200b\u200bMonday ainda ativas, proceed lendo!<\/p>\n<p>Melhor oferta do MacBook Air da Cyber \u200b\u200b\u200b\u200bMonday<\/p>\n<p>\n                                                    US$ 749<br \/>  na Amazon<\/p>\n<p>US$ 999<br \/>  Economize $ 250\n                                                                        <\/p>\n<p>Por que gostamos<\/p>\n<p>Consideramos o MacBook Air M4 de 13 polegadas a melhor op\u00e7\u00e3o para estudantes porque \u00e9 incrivelmente leve e fino, o que proporciona portabilidade m\u00e1xima. Este modelo est\u00e1 atualmente \u00e0 venda por apenas US$ 749 e, acredite, \u00e9 uma pechincha s\u00e9ria. Duvidamos que voc\u00ea veja esse pre\u00e7o cair ainda mais durante o Cyber \u200b\u200b\u200b\u200bWeekend, ent\u00e3o se voc\u00ea precisa de uma m\u00e1quina confi\u00e1vel para a escola, agora \u00e9 a hora de adquiri-la.<\/p>\n<p>\n            Ofertas mash\u00e1veis\n        <\/p>\n<p>                        Ao se inscrever, voc\u00ea concorda em receber mensagens recorrentes de advertising SMS automatizadas da Mashable Offers no n\u00famero fornecido. Taxas de mensagens e dados podem ser aplicadas. At\u00e9 2 mensagens\/dia. Responda STOP para cancelar, HELP para obter ajuda. O consentimento n\u00e3o \u00e9 uma condi\u00e7\u00e3o de compra. Veja nosso <a rel=\"nofollow noopener\" href=\"https:\/\/www.ziffdavis.com\/ztg-privacy-policy\" class=\"underline text-secondary-300 hover:text-primary-400\" target=\"_blank\" title=\"(opens in a new window)\">pol\u00edtica de Privacidade<\/a> e <a rel=\"nofollow noopener\" href=\"https:\/\/www.ziffdavis.com\/terms-of-use\" class=\"underline text-secondary-300 hover:text-primary-400\" target=\"_blank\" title=\"(opens in a new window)\">Termos de Uso<\/a>.\n                    <\/p>\n<p>Melhor oferta do Cyber \u200b\u200b\u200b\u200bMonday MacBook Professional<\/p>\n<p>\n                                                    US$ 1.349<br \/>  na Amazon<\/p>\n<p>US$ 1.599<br \/>  Economize $ 250\n                                                                        <\/p>\n<p>Por que gostamos<\/p>\n<p>Foi uma surpresa agrad\u00e1vel ver o mais recente MacBook Professional j\u00e1 recebendo um desconto antes mesmo de a Black Friday chegar. Mas ent\u00e3o o pre\u00e7o caiu novamente, estabelecendo-se em uma baixa incr\u00edvel para o Cyber \u200b\u200bWeekend. Esta \u00e9 sua likelihood de adquirir o nov\u00edssimo MacBook Professional com chip M5 por apenas US$ 1.349, economizando US$ 250 em seu pre\u00e7o de tabela de US$ 1.599. <\/p>\n<p>Mais ofertas de MacBook da Cyber \u200b\u200b\u200b\u200bMonday<\/p>\n<p>\n                                                    US$ 549<br \/>  no Wal-Mart<\/p>\n<p>US$ 649,99<br \/>  Economize $ 100,99\n                                                                        <\/p>\n<p>\n                                                    US$ 649<br \/>  na Greatest Purchase<\/p>\n<p>US$ 799<br \/>  Economize $ 150\n                                                                        <\/p>\n<p>\n                                                    US$ 949<br \/>  na Amazon<\/p>\n<p>US$ 1.199<br \/>  Economize $ 250\n                                                                        <\/p>\n<p>\n                                                    US$ 1.349<br \/>  na Amazon<\/p>\n<p>US$ 1.599<br \/>  Economize $ 250\n                                                                        <\/p>\n<p>\n                                                    US$ 2.189<br \/>  na Amazon<\/p>\n<p>US$ 2.499<br \/>  Economize $ 310\n                                                                        <\/p>\n<p>\n                                                    US$ 2.699<br \/>  na Amazon<\/p>\n<p>US$ 3.119<br \/>  Economize $ 420\n                                                                        <\/p>\n<p>Ainda procurando mais ofertas e ideias para presentes? Veja os maiores descontos na promo\u00e7\u00e3o da Cyber \u200b\u200b\u200b\u200bMonday da Amazon  e economize at\u00e9 70% em presentes populares, devices e muito mais.<\/p>\n","protected":false},"excerpt":{"rendered":"Resumo das melhores ofertas do Cyber \u200b\u200b\u200b\u200bMonday MacBook: A Black Friday tecnicamente acabou, mas os varejistas continuam a&hellip;\n","protected":false},"author":2,"featured_media":170578,"comment_status":"","ping_status":"","sticky":false,"template":"","format":"standard","meta":{"footnotes":""},"categories":[84],"tags":[109,107,108,32,33,105,103,104,106,110],"class_list":{"0":"post-170577","1":"post","2":"type-post","3":"status-publish","4":"format-standard","5":"has-post-thumbnail","7":"category-ciencia-e-tecnologia","8":"tag-ciencia","9":"tag-ciencia-e-tecnologia","10":"tag-cienciaetecnologia","11":"tag-portugal","12":"tag-pt","13":"tag-science","14":"tag-science-and-technology","15":"tag-scienceandtechnology","16":"tag-technology","17":"tag-tecnologia"},"share_on_mastodon":{"url":"https:\/\/pubeurope.com\/@pt\/115638896485356047","error":""},"_links":{"self":[{"href":"https:\/\/www.europesays.com\/pt\/wp-json\/wp\/v2\/posts\/170577","targetHints":{"allow":["GET"]}}],"collection":[{"href":"https:\/\/www.europesays.com\/pt\/wp-json\/wp\/v2\/posts"}],"about":[{"href":"https:\/\/www.europesays.com\/pt\/wp-json\/wp\/v2\/types\/post"}],"author":[{"embeddable":true,"href":"https:\/\/www.europesays.com\/pt\/wp-json\/wp\/v2\/users\/2"}],"replies":[{"embeddable":true,"href":"https:\/\/www.europesays.com\/pt\/wp-json\/wp\/v2\/comments?post=170577"}],"version-history":[{"count":0,"href":"https:\/\/www.europesays.com\/pt\/wp-json\/wp\/v2\/posts\/170577\/revisions"}],"wp:featuredmedia":[{"embeddable":true,"href":"https:\/\/www.europesays.com\/pt\/wp-json\/wp\/v2\/media\/170578"}],"wp:attachment":[{"href":"https:\/\/www.europesays.com\/pt\/wp-json\/wp\/v2\/media?parent=170577"}],"wp:term":[{"taxonomy":"category","embeddable":true,"href":"https:\/\/www.europesays.com\/pt\/wp-json\/wp\/v2\/categories?post=170577"},{"taxonomy":"post_tag","embeddable":true,"href":"https:\/\/www.europesays.com\/pt\/wp-json\/wp\/v2\/tags?post=170577"}],"curies":[{"name":"wp","href":"https:\/\/api.w.org\/{rel}","templated":true}]}}