{"id":170581,"date":"2025-11-30T13:32:14","date_gmt":"2025-11-30T13:32:14","guid":{"rendered":"https:\/\/www.europesays.com\/pt\/170581\/"},"modified":"2025-11-30T13:32:14","modified_gmt":"2025-11-30T13:32:14","slug":"seis-militares-no-governo-de-transicao-da-guine-bissau-observador","status":"publish","type":"post","link":"https:\/\/www.europesays.com\/pt\/170581\/","title":{"rendered":"Seis militares no Governo de transi\u00e7\u00e3o da Guin\u00e9-Bissau \u2013 Observador"},"content":{"rendered":"<p>O Governo de transi\u00e7\u00e3o da Guin\u00e9-Bissau nomeado este s\u00e1bado integra seis militares titulares das pastas relacionadas com a Defesa, Ordem P\u00fablica e Sa\u00fade, segundo o decreto presidencial, a que a Lusa teve acesso.<\/p>\n<p>Por decis\u00e3o do Presidente da Rep\u00fablica de Transi\u00e7\u00e3o, o general Horta Inta-A, entram para o Governo Mamasaliu Embalo, como ministro do Interior e Ordem Interna, Steve Lassana Mansaly, ministro da Defesa Nacional, Quinhin Nantote, ministro da Sa\u00fade, Salvador Soares, secret\u00e1rio de Estado da Ordem P\u00fablica e Carlos Mandungal, secret\u00e1rio de Estado dos Combatentes.<\/p>\n<p>O novo ministro do Interior, Mamasaliu Embalo, era at\u00e9 aqui comandante do batalh\u00e3o dos Comandos, Lassana Mansaly inspetor-geral do Minist\u00e9rio da Defesa, Quinhin Nantote, diretor da medicina militar.<\/p>\n<p>Salvador Soares era at\u00e9 agora comiss\u00e1rio nacional da Pol\u00edcia de Ordem P\u00fablica (POP) e Carlos Mandungal \u00e9 o antigo comandante da Marinha de Guerra guineense.<\/p>\n<p>Do novo executivo fazem tamb\u00e9m parte nomes do Governo deposto pelos militares, nomeadamente Carlos Pinto Pereira\u00a0 que deixa os Neg\u00f3cios Estrangeiros e passa para a Justi\u00e7a e Direitos Humanos, e Jos\u00e9 Carlos Esteves, que continua na pasta das Obras P\u00fablicas, Habita\u00e7\u00e3o e Urbanismo.<\/p>\n<p>Fatumata Ja\u00fa tamb\u00e9m se mant\u00e9m no Governo com o pelouro da secretaria de Estado da Coopera\u00e7\u00e3o Internacional, assim como os secret\u00e1rios do minist\u00e9rio das Finan\u00e7as, Mamadu Bald\u00e9, continua no Tesouro e El\u00edsio Gomes S\u00e1, no Or\u00e7amento e Assuntos Fiscais.<\/p>\n<p>O novo ministro dos Neg\u00f3cios Estrangeiros \u00e9 o advogado e candidato \u00e0s \u00faltimas elei\u00e7\u00f5es presidenciais, Jo\u00e3o Bernardo Vieira, das fileiras do PAIGC que avan\u00e7ou para a corrida eleitoral como independente com cr\u00edticas ao partido que decidiu apoiar outro candidato, Fernando Dias.<\/p>\n<p>O Governo de transi\u00e7\u00e3o nomeado e empossado este s\u00e1bado tem um total de 23 ministros e cinco secret\u00e1rios de Estado.<\/p>\n<p>O ministro da Presid\u00eancia de Conselho de Ministros e dos assuntos parlamentares \u00e9 Usna Ant\u00f3nio Quad\u00e9, um economista que\u00a0j\u00e1 integrou um governo guineense como secret\u00e1rio de Estado do Tesouro.<\/p>\n<p>O novo ministro dos Recursos Naturais \u00e9 Celedonio Vieira, que presidia \u00e0 estatal dos petr\u00f3leos guineenses, a Petroguin, e Florentino Mendes Pereira, antigo secret\u00e1rio-geral do Partido de Renova\u00e7\u00e3o Social (PRS), vai liderar a pasta dos Transportes, Telecomunica\u00e7\u00f5es e Economia Digital.<\/p>\n<p>Seis mulheres integram o governo, sendo que a ministra do Desporto, Juventude e Cultura, Juelma Cubala, \u00e9 a esposa do antigo primeiro-ministro, Nuno Gomes Nabiam.<\/p>\n<p>As outras mulheres do governo s\u00e3o: Khady Florence Dabo Correia, ministra da Mulher e Solidariedade Social, Catarina Raquel Mendon\u00e7a Taborda, ministra de Turismo e Artesanato, Assuc\u00e9nia Nesbi Emilia Seide Donate de Barros, ministra da Administra\u00e7\u00e3o P\u00fablica, Trabalho e Seguran\u00e7a Social, Virg\u00ednia Maria da Cruz Godinho Pires Correia, ministra das Pescas e Economia Mar\u00edtima e Fatumata Ja\u00fa, secret\u00e1ria de Estado da Coopera\u00e7\u00e3o Internacional e das Comunidades.<\/p>\n<p>Mamad\u00fa Badji \u00e9 o ministro da Educa\u00e7\u00e3o Nacional, Ensino Superior e Investiga\u00e7\u00e3o Cient\u00edfica, j\u00e1 foi ministro da Agricultura e diretor do grupo Malaika, cujo propriet\u00e1rio \u00e9 o ex-primeiro-ministro, agora deposto, Braima Camar\u00e1.<\/p>\n<p>A ativista e antiga secret\u00e1ria de Estado do Turismo e Artesanato Catarina Raquel Mendon\u00e7a Taborda \u00e9 a ministra de Turismo e Artesanato e \u00a0com a pasta da comunica\u00e7\u00e3o social fica Abduramane Tur\u00e9, jornalista e atual diretor da Radio \u00c1frica FM, cujo propriet\u00e1rio \u00e9 Umaro Sissoco Embal\u00f3, o Presidente deposto.<\/p>\n<p>Fazem ainda parte do Governo de transi\u00e7\u00e3o Mamad\u00fa Mudjetaba Djal\u00f3, ministro da Economia Plano e Integra\u00e7\u00e3o Regional, Amadu Uri Guiss\u00e9, ministro da Agricultura e Desenvolvimento Rural e Augusto Idrissa Embalo, ministro do Ambiente e A\u00e7\u00e3o Clim\u00e1tica.<\/p>\n<p>O novo MNE e outros cinco elementos do novo Governo s\u00e3o dirigentes do Partido Africano da Independ\u00eancia da Guin\u00e9 e Cabo Verde (PAIGC), mas que se incompatibilizaram com o l\u00edder, Domingos Sim\u00f5es Pereira, nomeadamente Carlos Nelson Sano, ministro da Administra\u00e7\u00e3o Territorial e do Poder Local, Jos\u00e9 Carlos Esteves, ministro das Obras P\u00fablicas, Habita\u00e7\u00e3o e Urbanismo, M\u00e1rio Muzante da Silva Loureiro, ministro da Energia, Jaimentino C\u00f3 Ministro de Com\u00e9rcio e Ind\u00fastria e Carlos Pinto Pereira, ministro da Justi\u00e7a e Direitos Humanos.<\/p>\n<p>O novo Governo guineense foi nomeado pelo Presidente da Rep\u00fablica de Transi\u00e7\u00e3o, o general Horta Inta-A, empossado pelos militares que tomaram o poder a 26 de novembro, na Guin\u00e9-Bissau.<\/p>\n<p>Os militares destitu\u00edram o Presidente cessante, Umaro Sissoco Embal\u00f3, que deixou o pa\u00eds, e suspenderam a divulga\u00e7\u00e3o dos resultados das elei\u00e7\u00f5es gerais de 23 de novembro.<\/p>\n<p>O general Horta Inta-A anunciou que o per\u00edodo de transi\u00e7\u00e3o ter\u00e1 a dura\u00e7\u00e3o m\u00e1xima de um ano e nomeou como primeiro-ministro e ministro das Finan\u00e7as Il\u00eddio Vieira T\u00e9, antigo ministro de Embal\u00f3.<\/p>\n<p>As elei\u00e7\u00f5es, que decorreram sem registo de incidentes, realizaram-se sem participa\u00e7\u00e3o do principal partido da oposi\u00e7\u00e3o, o Partido Africano da Independ\u00eancia da Guin\u00e9 e Cabo Verde (PAIGC), e do seu candidato, Domingos Sim\u00f5es Pereira, exclu\u00eddos da disputa e que declararam apoio ao candidato opositor Fernando Dias da Costa.<\/p>\n<p>Dias tinha reclamado vit\u00f3ria na primeira volta sobre o Presidente Embal\u00f3, candidato a um segundo mandato. A divulga\u00e7\u00e3o dos resultados oficiais das elei\u00e7\u00f5es estava agendada para quinta-feira, 27 de novembro.<\/p>\n<p>Sim\u00f5es Pereira foi detido e a tomada de poder pelos militares est\u00e1 a ser denunciada pela oposi\u00e7\u00e3o como uma manobra para impedir a divulga\u00e7\u00e3o dos resultados eleitorais.<\/p>\n","protected":false},"excerpt":{"rendered":"O Governo de transi\u00e7\u00e3o da Guin\u00e9-Bissau nomeado este s\u00e1bado integra seis militares titulares das pastas relacionadas com a&hellip;\n","protected":false},"author":2,"featured_media":170582,"comment_status":"","ping_status":"","sticky":false,"template":"","format":"standard","meta":{"footnotes":""},"categories":[50],"tags":[27,28,15,16,2672,14,25,26,21,22,62,12,13,19,20,23,24,17,18,29,30,31,63,64,65],"class_list":{"0":"post-170581","1":"post","2":"type-post","3":"status-publish","4":"format-standard","5":"has-post-thumbnail","7":"category-mundo","8":"tag-breaking-news","9":"tag-breakingnews","10":"tag-featured-news","11":"tag-featurednews","12":"tag-guinu00e9-bissau","13":"tag-headlines","14":"tag-latest-news","15":"tag-latestnews","16":"tag-main-news","17":"tag-mainnews","18":"tag-mundo","19":"tag-news","20":"tag-noticias","21":"tag-noticias-principais","22":"tag-noticiasprincipais","23":"tag-principais-noticias","24":"tag-principaisnoticias","25":"tag-top-stories","26":"tag-topstories","27":"tag-ultimas","28":"tag-ultimas-noticias","29":"tag-ultimasnoticias","30":"tag-world","31":"tag-world-news","32":"tag-worldnews"},"share_on_mastodon":{"url":"https:\/\/pubeurope.com\/@pt\/115638903981221443","error":""},"_links":{"self":[{"href":"https:\/\/www.europesays.com\/pt\/wp-json\/wp\/v2\/posts\/170581","targetHints":{"allow":["GET"]}}],"collection":[{"href":"https:\/\/www.europesays.com\/pt\/wp-json\/wp\/v2\/posts"}],"about":[{"href":"https:\/\/www.europesays.com\/pt\/wp-json\/wp\/v2\/types\/post"}],"author":[{"embeddable":true,"href":"https:\/\/www.europesays.com\/pt\/wp-json\/wp\/v2\/users\/2"}],"replies":[{"embeddable":true,"href":"https:\/\/www.europesays.com\/pt\/wp-json\/wp\/v2\/comments?post=170581"}],"version-history":[{"count":0,"href":"https:\/\/www.europesays.com\/pt\/wp-json\/wp\/v2\/posts\/170581\/revisions"}],"wp:featuredmedia":[{"embeddable":true,"href":"https:\/\/www.europesays.com\/pt\/wp-json\/wp\/v2\/media\/170582"}],"wp:attachment":[{"href":"https:\/\/www.europesays.com\/pt\/wp-json\/wp\/v2\/media?parent=170581"}],"wp:term":[{"taxonomy":"category","embeddable":true,"href":"https:\/\/www.europesays.com\/pt\/wp-json\/wp\/v2\/categories?post=170581"},{"taxonomy":"post_tag","embeddable":true,"href":"https:\/\/www.europesays.com\/pt\/wp-json\/wp\/v2\/tags?post=170581"}],"curies":[{"name":"wp","href":"https:\/\/api.w.org\/{rel}","templated":true}]}}