{"id":170587,"date":"2025-11-30T13:41:47","date_gmt":"2025-11-30T13:41:47","guid":{"rendered":"https:\/\/www.europesays.com\/pt\/170587\/"},"modified":"2025-11-30T13:41:47","modified_gmt":"2025-11-30T13:41:47","slug":"saiba-quando-a-globo-lancara-a-vinheta-de-fim-de-ano-de-2025","status":"publish","type":"post","link":"https:\/\/www.europesays.com\/pt\/170587\/","title":{"rendered":"Saiba quando a Globo lan\u00e7ar\u00e1 a vinheta de Fim de Ano de 2025"},"content":{"rendered":"<p data-start=\"147\" data-end=\"470\">A <a href=\"https:\/\/natelinha.uol.com.br\/televisao\/emissoras\/globo\" rel=\"nofollow noopener\" target=\"_blank\">Globo<\/a> iniciar\u00e1 na pr\u00f3xima segunda-feira (1\u00ba) a exibi\u00e7\u00e3o da tradicional Mensagem de Fim de Ano. Segundo informa\u00e7\u00e3o divulgada pelo jornalista Ancelmo Gois, do O Globo, a estreia ocorrer\u00e1 no intervalo do Jornal Nacional. A nova edi\u00e7\u00e3o reunir\u00e1 200 atores, atrizes, jornalistas, apresentadores, comentaristas e narradores.<\/p>\n<p data-start=\"147\" data-end=\"470\">+\u00a0<a href=\"https:\/\/natelinha.uol.com.br\/colunas\/coluna-do-sandro\/2025\/01\/28\/em-vinheta-globo-esquece-dos-auditorios-e-so-destaca-jornalismo-e-novela-grade-explica-221748.php\" target=\"_blank\" rel=\"noopener noreferrer nofollow\">Em vinheta, Globo \u201cesquece\u201d dos audit\u00f3rios e s\u00f3 destaca jornalismo e novela; grade explica<\/a><\/p>\n<p data-start=\"472\" data-end=\"711\">Uma mudan\u00e7a incorporada ao clipe deste ano diz respeito \u00e0 participa\u00e7\u00e3o de convidados. De acordo com o colunista, os contratados da emissora puderam levar um familiar ou amigo para as grava\u00e7\u00f5es, ampliando a presen\u00e7a de pessoas nos est\u00fadios.<\/p>\n<p>Vinheta de Fim de Ano da Globo<\/p>\n<p><img decoding=\"async\" loading=\"lazy\" class=\"horizontal\" src=\"https:\/\/www.europesays.com\/pt\/wp-content\/uploads\/2025\/11\/eliana-ana-maria-braga-vinheta-globo_1387.jpeg\" alt=\"imagem-texto\"\/><\/p>\n<p>continua depois da publicidade<\/p>\n<p data-start=\"713\" data-end=\"1033\">A vinheta de Fim de Ano da Globo tem origem em 1971. O primeiro registro apresentava apenas o logotipo da emissora girando ao som de A Pra\u00e7a. Cinco anos depois, em 1976, a m\u00fasica Um Novo Tempo, composta por Beto Pacini e David Neves, passou a acompanhar a mensagem e se tornou a marca sonora das campanhas de virada.<\/p>\n<p data-start=\"713\" data-end=\"1033\">+\u00a0<a href=\"https:\/\/natelinha.uol.com.br\/famosos\/2024\/12\/02\/eliana-passa-apuros-em-vestido-para-gravar-vinheta-da-globo-219705.php\" target=\"_blank\" rel=\"noopener noreferrer nofollow\">Eliana passa apuros em vestido para gravar vinheta da Globo<\/a><\/p>\n<p data-start=\"1035\" data-end=\"1439\">Nas d\u00e9cadas de 1970 e 1980, vers\u00f5es da can\u00e7\u00e3o foram interpretadas por nomes como Gal Costa, Tim Maia, Simone e pelo coral de funcion\u00e1rios da emissora.<\/p>\n<p data-start=\"1035\" data-end=\"1439\">Durante os anos 1990, as produ\u00e7\u00f5es passaram a adotar temas centrados em imagens de diferentes regi\u00f5es do pa\u00eds. J\u00e1 nos anos 2000 e 2010, as grava\u00e7\u00f5es passaram a misturar artistas, jornalistas e funcion\u00e1rios em produ\u00e7\u00f5es coletivas realizadas nos est\u00fadios.<\/p>\n","protected":false},"excerpt":{"rendered":"A Globo iniciar\u00e1 na pr\u00f3xima segunda-feira (1\u00ba) a exibi\u00e7\u00e3o da tradicional Mensagem de Fim de Ano. Segundo informa\u00e7\u00e3o&hellip;\n","protected":false},"author":2,"featured_media":170588,"comment_status":"","ping_status":"","sticky":false,"template":"","format":"standard","meta":{"footnotes":""},"categories":[142],"tags":[114,115,28144,753,32,33,151,35809],"class_list":{"0":"post-170587","1":"post","2":"type-post","3":"status-publish","4":"format-standard","5":"has-post-thumbnail","7":"category-tv","8":"tag-entertainment","9":"tag-entretenimento","10":"tag-fim-de-ano","11":"tag-globo","12":"tag-portugal","13":"tag-pt","14":"tag-tv","15":"tag-vinheta"},"share_on_mastodon":{"url":"https:\/\/pubeurope.com\/@pt\/115638943469892326","error":""},"_links":{"self":[{"href":"https:\/\/www.europesays.com\/pt\/wp-json\/wp\/v2\/posts\/170587","targetHints":{"allow":["GET"]}}],"collection":[{"href":"https:\/\/www.europesays.com\/pt\/wp-json\/wp\/v2\/posts"}],"about":[{"href":"https:\/\/www.europesays.com\/pt\/wp-json\/wp\/v2\/types\/post"}],"author":[{"embeddable":true,"href":"https:\/\/www.europesays.com\/pt\/wp-json\/wp\/v2\/users\/2"}],"replies":[{"embeddable":true,"href":"https:\/\/www.europesays.com\/pt\/wp-json\/wp\/v2\/comments?post=170587"}],"version-history":[{"count":0,"href":"https:\/\/www.europesays.com\/pt\/wp-json\/wp\/v2\/posts\/170587\/revisions"}],"wp:featuredmedia":[{"embeddable":true,"href":"https:\/\/www.europesays.com\/pt\/wp-json\/wp\/v2\/media\/170588"}],"wp:attachment":[{"href":"https:\/\/www.europesays.com\/pt\/wp-json\/wp\/v2\/media?parent=170587"}],"wp:term":[{"taxonomy":"category","embeddable":true,"href":"https:\/\/www.europesays.com\/pt\/wp-json\/wp\/v2\/categories?post=170587"},{"taxonomy":"post_tag","embeddable":true,"href":"https:\/\/www.europesays.com\/pt\/wp-json\/wp\/v2\/tags?post=170587"}],"curies":[{"name":"wp","href":"https:\/\/api.w.org\/{rel}","templated":true}]}}