{"id":170687,"date":"2025-11-30T15:49:11","date_gmt":"2025-11-30T15:49:11","guid":{"rendered":"https:\/\/www.europesays.com\/pt\/170687\/"},"modified":"2025-11-30T15:49:11","modified_gmt":"2025-11-30T15:49:11","slug":"jose-manuel-pureza-e-o-novo-coordenador-do-bloco-de-esquerda","status":"publish","type":"post","link":"https:\/\/www.europesays.com\/pt\/170687\/","title":{"rendered":"Jos\u00e9 Manuel Pureza \u00e9 o novo coordenador do Bloco de Esquerda"},"content":{"rendered":"<p>                Segundo os resultados anunciados na 14\u00aa Conven\u00e7\u00e3o Nacional do BE, que termina este domingo no pavilh\u00e3o municipal do Casal Vistoso, em Lisboa, a lista para a Mesa Nacional encabe\u00e7ada por Jos\u00e9 Manuel Pureza obteve 384 votos, o que corresponde a 65 mandatos.<\/p>\n<p>A mo\u00e7\u00e3o S obteve 47 votos, correspondente a oito mandatos, seguindo-se a mo\u00e7\u00e3o H com 26 votos e quatro mandatos e a B com 15 votos e tr\u00eas mandatos.<\/p>\n<p>Contabilizaram-se quatro votos brancos e tr\u00eas nulos.<\/p>\n<p>A figura de coordenador n\u00e3o existe formalmente nos estatutos do BE, mas, de acordo com a mo\u00e7\u00e3o vencedora, <b>&#8220;a coordena\u00e7\u00e3o da Comiss\u00e3o Pol\u00edtica ficar\u00e1 a cargo de quem encabece a lista mais votada para a Mesa Nacional&#8221;, ou seja, Jos\u00e9 Manuel Pureza.<\/b><\/p>\n<p>Na \u00faltima Conven\u00e7\u00e3o Nacional do BE, a mo\u00e7\u00e3o na altura encabe\u00e7ada por Mariana Mort\u00e1gua conquistou 67 dos 80 lugares.<\/p>\n<p>Pela mo\u00e7\u00e3o A, Jos\u00e9 Manuel Pureza foi o primeiro eleito para a Mesa Nacional, seguido de Isabel Pires, que saiu desta conven\u00e7\u00e3o indicada como secret\u00e1ria da organiza\u00e7\u00e3o.<\/p>\n<p>Neste \u00f3rg\u00e3o <b>mant\u00eam-se dirigentes como o ex-l\u00edder parlamentar Fabian Figueiredo, Marisa Matias e Mariana Mort\u00e1gua<\/b>, que se despediu da coordena\u00e7\u00e3o e sai da dire\u00e7\u00e3o mas fica neste \u00f3rg\u00e3o m\u00e1ximo entre conven\u00e7\u00f5es.<\/p>\n<p>Na linha de continuidade, seguem na Mesa nomes como o de Joana Mort\u00e1gua, Jos\u00e9 Soeiro, a candidata presidencial Catarina Martins, Pedro Filipe Soares, Jorge Costa, Adriano Campos, ou Andreia Galv\u00e3o (que recentemente substituiu Mort\u00e1gua no parlamento), entre outros.<\/p>\n<p>De um total de 80 nomes, <b>surgem tamb\u00e9m novas entradas, entre estreias e regressos<\/b>, depois de uma tentativa assumida pela nova dire\u00e7\u00e3o do partido de renova\u00e7\u00e3o, com uma m\u00e9dia de idades que ronda os 37 anos no que toca aos candidatos da mo\u00e7\u00e3o A.<\/p>\n<p>\u00c9 o caso da ex-eurodeputada Anabela Rodrigues, o ex-assessor Jo\u00e3o Curv\u00ealo, o atual assessor parlamentar Daniel Borges, jovens que foram candidatos aut\u00e1rquicos como Ant\u00f3nio Soares, Joana Neiva e In\u00eas Antunes, a vereadora em Lisboa Carolina Serr\u00e3o, ou Gon\u00e7alo Filipe (63), entre outros nomes.&#8221;Esquerda de pontes&#8221;<br \/>&#13;<br \/>\nNo seu discurso este domingo, o novo coordenador nacional do BE defendeu uma &#8220;esquerda de pontes&#8221; que saiba dialogar e comprometeu-se a fazer &#8220;todos os di\u00e1logos necess\u00e1rios para que a esquerda reganhe iniciativa e for\u00e7a em Portugal&#8221;.<\/p>\n<p>&#8220;<b>Queremos uma esquerda de pontes, que saiba dialogar, que encontre converg\u00eancias, que nunca esque\u00e7a as prioridades, que olhe para o futuro, de que cada trabalhador e trabalhadora se sinta parte integrante.<\/b> O que eu digo ao pa\u00eds \u00e9 isto: aqui est\u00e1 uma esquerda de confian\u00e7a, que n\u00e3o desiste de nada na luta pelo sal\u00e1rio, pela casa, pelo hospital, pelo clima e pelos direitos que fazem de n\u00f3s uma comunidade. Somos a vossa for\u00e7a pela igualdade e pela liberdade&#8221;, advogou.<br \/>&#13;\n<\/p>\n<p>          <img decoding=\"async\" itemprop=\"image\" class=\"img-fluid\"   src=\"https:\/\/www.europesays.com\/pt\/wp-content\/uploads\/2025\/11\/4aa209d71606964395af70a2a395b0a9_N.jpg\"\/><\/p>\n<p>\nNum discurso no qual apelou \u00e0 uni\u00e3o, Pureza comprometeu-se a fazer &#8220;todos os di\u00e1logos necess\u00e1rios para que a esquerda reganhe iniciativa e for\u00e7a em Portugal&#8221;.<\/p>\n<p>Na \u00f3tica do novo coordenador nacional bloquista e antigo vice-presidente da Assembleia da Rep\u00fablica, o tempo atual exige &#8220;uma recusa clara do sectarismo e a jun\u00e7\u00e3o de for\u00e7as n\u00e3o s\u00f3 para combater a ofensiva das direitas, mas para lhe contrapor uma contra-ofensiva dos direitos, da igualdade e daquilo que nos faz grandes que \u00e9 sermos comunidade&#8221;.<\/p>\n<p>&#8220;Nas ruas e onde mais for preciso, <b>o Bloco n\u00e3o se poupar\u00e1 a esfor\u00e7os para juntar toda a gente que quer mais do que resistir<\/b> porque quer mudar a vida e a pol\u00edtica e a quer mudar mesmo. N\u00e3o ser\u00e1 por causa do Bloco que a constru\u00e7\u00e3o dessa alternativa da esperan\u00e7a ficar\u00e1 por construir&#8221;, real\u00e7ou.<\/p>\n<p>c\/ Lusa\u00a0&#13;\n            <\/p>\n","protected":false},"excerpt":{"rendered":"Segundo os resultados anunciados na 14\u00aa Conven\u00e7\u00e3o Nacional do BE, que termina este domingo no pavilh\u00e3o municipal do&hellip;\n","protected":false},"author":2,"featured_media":170688,"comment_status":"","ping_status":"","sticky":false,"template":"","format":"standard","meta":{"footnotes":""},"categories":[10],"tags":[27,28,15,16,14,25,26,21,22,9158,35818,12,13,19,20,32,23,24,33,30718,17,18,29,30,31],"class_list":{"0":"post-170687","1":"post","2":"type-post","3":"status-publish","4":"format-standard","5":"has-post-thumbnail","7":"category-portugal","8":"tag-breaking-news","9":"tag-breakingnews","10":"tag-featured-news","11":"tag-featurednews","12":"tag-headlines","13":"tag-latest-news","14":"tag-latestnews","15":"tag-main-news","16":"tag-mainnews","17":"tag-mesa","18":"tag-mortagua","19":"tag-news","20":"tag-noticias","21":"tag-noticias-principais","22":"tag-noticiasprincipais","23":"tag-portugal","24":"tag-principais-noticias","25":"tag-principaisnoticias","26":"tag-pt","27":"tag-pureza","28":"tag-top-stories","29":"tag-topstories","30":"tag-ultimas","31":"tag-ultimas-noticias","32":"tag-ultimasnoticias"},"share_on_mastodon":{"url":"https:\/\/pubeurope.com\/@pt\/115639442953702701","error":""},"_links":{"self":[{"href":"https:\/\/www.europesays.com\/pt\/wp-json\/wp\/v2\/posts\/170687","targetHints":{"allow":["GET"]}}],"collection":[{"href":"https:\/\/www.europesays.com\/pt\/wp-json\/wp\/v2\/posts"}],"about":[{"href":"https:\/\/www.europesays.com\/pt\/wp-json\/wp\/v2\/types\/post"}],"author":[{"embeddable":true,"href":"https:\/\/www.europesays.com\/pt\/wp-json\/wp\/v2\/users\/2"}],"replies":[{"embeddable":true,"href":"https:\/\/www.europesays.com\/pt\/wp-json\/wp\/v2\/comments?post=170687"}],"version-history":[{"count":0,"href":"https:\/\/www.europesays.com\/pt\/wp-json\/wp\/v2\/posts\/170687\/revisions"}],"wp:featuredmedia":[{"embeddable":true,"href":"https:\/\/www.europesays.com\/pt\/wp-json\/wp\/v2\/media\/170688"}],"wp:attachment":[{"href":"https:\/\/www.europesays.com\/pt\/wp-json\/wp\/v2\/media?parent=170687"}],"wp:term":[{"taxonomy":"category","embeddable":true,"href":"https:\/\/www.europesays.com\/pt\/wp-json\/wp\/v2\/categories?post=170687"},{"taxonomy":"post_tag","embeddable":true,"href":"https:\/\/www.europesays.com\/pt\/wp-json\/wp\/v2\/tags?post=170687"}],"curies":[{"name":"wp","href":"https:\/\/api.w.org\/{rel}","templated":true}]}}