{"id":170711,"date":"2025-11-30T16:12:10","date_gmt":"2025-11-30T16:12:10","guid":{"rendered":"https:\/\/www.europesays.com\/pt\/170711\/"},"modified":"2025-11-30T16:12:10","modified_gmt":"2025-11-30T16:12:10","slug":"mortes-por-sindrome-respiratoria-aguda-grave-este-ano-em-sc-ja-superam-total-de-2024","status":"publish","type":"post","link":"https:\/\/www.europesays.com\/pt\/170711\/","title":{"rendered":"Mortes por S\u00edndrome Respirat\u00f3ria Aguda Grave este ano em SC j\u00e1 superam total de 2024"},"content":{"rendered":"<p>As mortes por S\u00edndrome Respirat\u00f3ria Aguda Grave (SRAG) em 2025 j\u00e1 superaram o total registrado em 2024, segundo dados do Centro de Informa\u00e7\u00f5es Estrat\u00e9gicas para a Gest\u00e3o do Sistema \u00danico de Sa\u00fade de Santa Catarina (Cieges\/SC). At\u00e9 quinta-feira (27), foram contabilizadas 868 mortes no ano, 111 a mais do que as 757 registradas em todo 2024.<\/p>\n<p>Continua depois da publicidade<\/p>\n<p>A S\u00edndrome Respirat\u00f3ria Aguda Grave \u00e9 quando a doen\u00e7a evolui com falta de ar, dor no peito, satura\u00e7\u00e3o de oxig\u00eanio baixa ou colora\u00e7\u00e3o azulada nos l\u00e1bios ou rosto. A s\u00edndrome pode ser causada por v\u00e1rios v\u00edrus respirat\u00f3rios, entre eles a influenza e Covid-19.<\/p>\n<p>Casos em Santa Catarina<\/p>\n<p>Das 868 mortes registradas em 2025, o <strong><a href=\"https:\/\/cieges.saude.sc.gov.br\/\" target=\"_blank\" rel=\"noreferrer noopener nofollow\">levantamento<\/a><\/strong> indica que mulheres entre 70 e 79 anos foram o grupo mais atingido, correspondendo a 52,9% do total. J\u00e1 183 pessoas, entre homens e mulheres de 60 a 69 anos, perderam a vida.<\/p>\n<p>Em rela\u00e7\u00e3o aos v\u00edrus, a influenza aparece como respons\u00e1vel por 264 mortes, o rinov\u00edrus por 81, a Covid-19 por 70, enquanto 356 mortes seguem atribu\u00eddas a agentes n\u00e3o identificados.<\/p>\n<p>Florian\u00f3polis \u00e9 a cidade com mais casos no Estado: 1.916 confirma\u00e7\u00f5es e 102 mortes em 2025. Em 2024, a Capital teve 1.752 casos e 78 perdem a vida.<\/p>\n<p>Continua depois da publicidade<\/p>\n<p>\u2014 Esse foi um fen\u00f4meno que aconteceu praticamente no pa\u00eds todo. Estudos est\u00e3o sendo conduzidos para se entender a fundo a raz\u00e3o deste aumento da letalidade da influenza no ano de 2025 no Brasil \u2014 afirmou o m\u00e9dico F\u00e1bio Gaudenzi, superintendente de Vigil\u00e2ncia em Sa\u00fade.<\/p>\n<p>\u2014 Uma das hip\u00f3teses que foi levantada \u00e9 a queda da cobertura vacinal contra influenza nestes anos p\u00f3s pandemia. Com essa queda sistem\u00e1tica da prote\u00e7\u00e3o da vacina podemos estar vendo o aumento da mortalidade nos grupos que s\u00e3o mais vulner\u00e1veis e que deveriam estar recebendo a vacina todos os anos, como os idosos e crian\u00e7as pequenas \u2014 justificou o m\u00e9dico.<\/p>\n<p>\u2014 Quem est\u00e1 vacinado est\u00e1 mais protegido contra a doen\u00e7a grave pelo v\u00edrus influenza \u2014 destaca Gaudenzi.<\/p>\n<p>Medidas para combater a SRAG em Santa Catarina <\/p>\n<p>A Secretaria de Estado da Sa\u00fade (SES) refor\u00e7ou em nota que, desde o primeiro semestre, intensificou a\u00e7\u00f5es para conter o avan\u00e7o da SRAG.<\/p>\n<p>Continua depois da publicidade<\/p>\n<p>Foram realizadas campanhas de <strong><a href=\"https:\/\/www.nsctotal.com.br\/noticias\/6-mitos-comuns-sobre-a-vacina-da-gripe\" target=\"_blank\" rel=\"noreferrer noopener nofollow\">vacina\u00e7\u00e3o<\/a><\/strong> antecipadas e ampliadas para toda a popula\u00e7\u00e3o a partir dos seis meses. Tamb\u00e9m acontecem comunica\u00e7\u00f5es sobre preven\u00e7\u00e3o e a\u00e7\u00f5es locais, como vans e mutir\u00f5es de imuniza\u00e7\u00e3o.<\/p>\n<p>\u201cA imuniza\u00e7\u00e3o protege contra os principais v\u00edrus influenza em circula\u00e7\u00e3o no pa\u00eds e reduz significativamente o risco de complica\u00e7\u00f5es e casos graves. Consulte a sua unidade de sa\u00fade para verificar os locais de aplica\u00e7\u00e3o das vacinas\u201d, destacou a nota da Secretaria.<\/p>\n<p>Al\u00e9m disso, para atendimento, foram abertos 56 leitos emergenciais em 2025, somando-se aos 291 criados desde 2023, em uma rede que totaliza 1.463 vagas de Unidade de Terapia Intensiva (UTI) adultos e infantis.<\/p>\n<p>A SES orienta ainda a popula\u00e7\u00e3o a procurar vacina\u00e7\u00e3o, especialmente idosos, crian\u00e7as e pessoas com comorbidades, e a seguir medidas b\u00e1sicas de preven\u00e7\u00e3o.<\/p>\n<p>Continua depois da publicidade<\/p>\n<p>O que diz a Secretaria de Estado da Sa\u00fade sobre os casos de S\u00edndrome Respirat\u00f3ria Aguda Grave<\/p>\n<p>\u201cPara conter o aumento de casos e \u00f3bitos por S\u00edndrome Respirat\u00f3ria Aguda Grave (SRAG) em 2025, em compara\u00e7\u00e3o ao ano anterior, a Secretaria de Estado da Sa\u00fade (SES) vem adotando uma s\u00e9rie de medidas desde o primeiro semestre, com ampla divulga\u00e7\u00e3o nos ve\u00edculos de comunica\u00e7\u00e3o e nos canais oficiais do Governo do Estado.<\/p>\n<p>Em parceria com os munic\u00edpios, foram refor\u00e7adas as orienta\u00e7\u00f5es sobre cuidados para evitar a transmiss\u00e3o de v\u00edrus respirat\u00f3rios e intensificada a comunica\u00e7\u00e3o sobre a import\u00e2ncia da vacina\u00e7\u00e3o. A campanha de influenza foi ampliada de forma antecipada \u2014 a partir do Dia D \u2014 para toda a popula\u00e7\u00e3o, a partir dos 6 meses de idade, enquanto houver doses dispon\u00edveis nos munic\u00edpios. Institui\u00e7\u00f5es p\u00fablicas e munic\u00edpios tamb\u00e9m realizaram a\u00e7\u00f5es de vacina\u00e7\u00e3o, como vans da vacina e outras estrat\u00e9gias para imuniza\u00e7\u00e3o da popula\u00e7\u00e3o, durante a campanha.<\/p>\n<p>Para garantir atendimento aos pacientes com SRAG, Santa Catarina abriu 56 novos leitos emergenciais em diversas regi\u00f5es. Esses leitos se somam aos 291 abertos desde 2023, integrando a rede estadual, que hoje totaliza 1.463 leitos de UTI adultos e infantis.<\/p>\n<p>A SES segue monitorando a situa\u00e7\u00e3o epidemiol\u00f3gica e a assist\u00eancia hospitalar, mantendo investimentos cont\u00ednuos para expandir e qualificar a rede de sa\u00fade em todo o estado.<\/p>\n<p>Continua depois da publicidade<\/p>\n<p>\u00c9 importante refor\u00e7ar que a vacina contra a gripe permanece dispon\u00edvel para toda a popula\u00e7\u00e3o a partir dos 6 meses de idade, enquanto durarem os estoques. A imuniza\u00e7\u00e3o protege contra os principais v\u00edrus influenza em circula\u00e7\u00e3o no pa\u00eds e reduz significativamente o risco de complica\u00e7\u00f5es e casos graves. Consulte a sua unidade de sa\u00fade para verificar os locais de aplica\u00e7\u00e3o das vacinas\u201d.<\/p>\n","protected":false},"excerpt":{"rendered":"As mortes por S\u00edndrome Respirat\u00f3ria Aguda Grave (SRAG) em 2025 j\u00e1 superaram o total registrado em 2024, segundo&hellip;\n","protected":false},"author":2,"featured_media":170712,"comment_status":"","ping_status":"","sticky":false,"template":"","format":"standard","meta":{"footnotes":""},"categories":[86],"tags":[829,116,32,33,117],"class_list":{"0":"post-170711","1":"post","2":"type-post","3":"status-publish","4":"format-standard","5":"has-post-thumbnail","7":"category-saude","8":"tag-conteudo-liberado","9":"tag-health","10":"tag-portugal","11":"tag-pt","12":"tag-saude"},"share_on_mastodon":{"url":"https:\/\/pubeurope.com\/@pt\/115639533261992393","error":""},"_links":{"self":[{"href":"https:\/\/www.europesays.com\/pt\/wp-json\/wp\/v2\/posts\/170711","targetHints":{"allow":["GET"]}}],"collection":[{"href":"https:\/\/www.europesays.com\/pt\/wp-json\/wp\/v2\/posts"}],"about":[{"href":"https:\/\/www.europesays.com\/pt\/wp-json\/wp\/v2\/types\/post"}],"author":[{"embeddable":true,"href":"https:\/\/www.europesays.com\/pt\/wp-json\/wp\/v2\/users\/2"}],"replies":[{"embeddable":true,"href":"https:\/\/www.europesays.com\/pt\/wp-json\/wp\/v2\/comments?post=170711"}],"version-history":[{"count":0,"href":"https:\/\/www.europesays.com\/pt\/wp-json\/wp\/v2\/posts\/170711\/revisions"}],"wp:featuredmedia":[{"embeddable":true,"href":"https:\/\/www.europesays.com\/pt\/wp-json\/wp\/v2\/media\/170712"}],"wp:attachment":[{"href":"https:\/\/www.europesays.com\/pt\/wp-json\/wp\/v2\/media?parent=170711"}],"wp:term":[{"taxonomy":"category","embeddable":true,"href":"https:\/\/www.europesays.com\/pt\/wp-json\/wp\/v2\/categories?post=170711"},{"taxonomy":"post_tag","embeddable":true,"href":"https:\/\/www.europesays.com\/pt\/wp-json\/wp\/v2\/tags?post=170711"}],"curies":[{"name":"wp","href":"https:\/\/api.w.org\/{rel}","templated":true}]}}