{"id":170721,"date":"2025-11-30T16:23:09","date_gmt":"2025-11-30T16:23:09","guid":{"rendered":"https:\/\/www.europesays.com\/pt\/170721\/"},"modified":"2025-11-30T16:23:09","modified_gmt":"2025-11-30T16:23:09","slug":"tap-ja-concluiu-atualizacao-dos-avioes-a320-apos-alerta-da-airbus","status":"publish","type":"post","link":"https:\/\/www.europesays.com\/pt\/170721\/","title":{"rendered":"TAP j\u00e1 concluiu atualiza\u00e7\u00e3o dos avi\u00f5es A320 ap\u00f3s alerta da Airbus"},"content":{"rendered":"<p>                A TAP anunciou este domingo que j\u00e1 concluiu a atualiza\u00e7\u00e3o de toda a sua frota impactada pela atualiza\u00e7\u00e3o de software exigida pela Airbus nos avi\u00f5es A320.<\/p>\n<p>De acordo com a transportadora a\u00e9rea portuguesa, o processo foi executado em 41 aeronaves sem disrup\u00e7\u00e3o da opera\u00e7\u00e3o e mantendo sempre a seguran\u00e7a de passageiros e tripula\u00e7\u00f5es.<\/p>\n<p><b>\u201cUm feito extraordin\u00e1rio s\u00f3 conseguido gra\u00e7as \u00e0 proatividade, coordena\u00e7\u00e3o e dedica\u00e7\u00e3o \u00edmpares das nossas equipas da Manuten\u00e7\u00e3o &amp; Engenharia e do Centro de Controlo Operacional\u201d<\/b>, indicou a empresa em comunicado. De acordo com a Airbus, cerca de seis mil aeronaves em todo o mundo foram impactadas pela falha que exigiu a atualiza\u00e7\u00e3o de software.&#13;\n<\/p>\n<p>A fabricante de aeronaves Airbus ordenou na sexta-feira uma atualiza\u00e7\u00e3o imediata de software em seis mil dos seus avi\u00f5es A320, medida que afeta mais da metade da frota global. A opera\u00e7\u00e3o causou alguns transtornos durante este fim de semana, que \u00e9 o mais movimentado do ano nos Estados Unidos por se seguir ao Dia de A\u00e7\u00e3o de Gra\u00e7as.<\/p>\n<p>V\u00e1rias companhias a\u00e9reas por todo o mundo alertaram tiveram de cancelar ou adiar voos.<\/p>\n<p>Em Portugal, a TAP disse no s\u00e1bado estar a atualizar o software de controlo de voo dos seus avi\u00f5es A320, ap\u00f3s problemas detetados pela Airbus, mas com &#8220;impacto reduzido&#8221; na opera\u00e7\u00e3o e sem necessidade de cancelamentos.<\/p>\n<p>&#8220;Continuamos a acompanhar a situa\u00e7\u00e3o, <b>toda a frota impactada est\u00e1 a ser atualizada,<\/b> com impacto reduzido na opera\u00e7\u00e3o e sem cancelamentos, e sempre tendo como prioridade m\u00e1xima a seguran\u00e7a de passageiros e tripula\u00e7\u00f5es&#8221;, indicou \u00e0 ag\u00eancia Lusa uma fonte oficial da companhia. <br \/>&#13;<\/p>\n","protected":false},"excerpt":{"rendered":"A TAP anunciou este domingo que j\u00e1 concluiu a atualiza\u00e7\u00e3o de toda a sua frota impactada pela atualiza\u00e7\u00e3o&hellip;\n","protected":false},"author":2,"featured_media":170722,"comment_status":"","ping_status":"","sticky":false,"template":"","format":"standard","meta":{"footnotes":""},"categories":[8],"tags":[35395,1309,8722,27,28,15,16,14,25,26,21,22,12,13,19,20,32,23,24,33,1365,17,18,29,30,31],"class_list":{"0":"post-170721","1":"post","2":"type-post","3":"status-publish","4":"format-standard","5":"has-post-thumbnail","7":"category-principais-noticias","8":"tag-a320","9":"tag-airbus","10":"tag-avioes","11":"tag-breaking-news","12":"tag-breakingnews","13":"tag-featured-news","14":"tag-featurednews","15":"tag-headlines","16":"tag-latest-news","17":"tag-latestnews","18":"tag-main-news","19":"tag-mainnews","20":"tag-news","21":"tag-noticias","22":"tag-noticias-principais","23":"tag-noticiasprincipais","24":"tag-portugal","25":"tag-principais-noticias","26":"tag-principaisnoticias","27":"tag-pt","28":"tag-tap","29":"tag-top-stories","30":"tag-topstories","31":"tag-ultimas","32":"tag-ultimas-noticias","33":"tag-ultimasnoticias"},"share_on_mastodon":{"url":"https:\/\/pubeurope.com\/@pt\/115639576401332830","error":""},"_links":{"self":[{"href":"https:\/\/www.europesays.com\/pt\/wp-json\/wp\/v2\/posts\/170721","targetHints":{"allow":["GET"]}}],"collection":[{"href":"https:\/\/www.europesays.com\/pt\/wp-json\/wp\/v2\/posts"}],"about":[{"href":"https:\/\/www.europesays.com\/pt\/wp-json\/wp\/v2\/types\/post"}],"author":[{"embeddable":true,"href":"https:\/\/www.europesays.com\/pt\/wp-json\/wp\/v2\/users\/2"}],"replies":[{"embeddable":true,"href":"https:\/\/www.europesays.com\/pt\/wp-json\/wp\/v2\/comments?post=170721"}],"version-history":[{"count":0,"href":"https:\/\/www.europesays.com\/pt\/wp-json\/wp\/v2\/posts\/170721\/revisions"}],"wp:featuredmedia":[{"embeddable":true,"href":"https:\/\/www.europesays.com\/pt\/wp-json\/wp\/v2\/media\/170722"}],"wp:attachment":[{"href":"https:\/\/www.europesays.com\/pt\/wp-json\/wp\/v2\/media?parent=170721"}],"wp:term":[{"taxonomy":"category","embeddable":true,"href":"https:\/\/www.europesays.com\/pt\/wp-json\/wp\/v2\/categories?post=170721"},{"taxonomy":"post_tag","embeddable":true,"href":"https:\/\/www.europesays.com\/pt\/wp-json\/wp\/v2\/tags?post=170721"}],"curies":[{"name":"wp","href":"https:\/\/api.w.org\/{rel}","templated":true}]}}