{"id":170745,"date":"2025-11-30T16:47:59","date_gmt":"2025-11-30T16:47:59","guid":{"rendered":"https:\/\/www.europesays.com\/pt\/170745\/"},"modified":"2025-11-30T16:47:59","modified_gmt":"2025-11-30T16:47:59","slug":"perrengue-fashion-estreia-no-prime-video-e-vira-aposta-perfeita-para-rir-no-fim-de-semana","status":"publish","type":"post","link":"https:\/\/www.europesays.com\/pt\/170745\/","title":{"rendered":"\u201cPerrengue Fashion\u201d estreia no Prime Video e vira aposta perfeita para rir no fim de semana"},"content":{"rendered":"<p>A com\u00e9dia nacional \u201cPerrengue Fashion\u201d chega ao Prime Video como uma das estreias para quem procura leveza no fim de semana. Protagonizado por Ingrid Guimar\u00e3es, o longa mistura humor, caos e uma jornada inesperada pela Amaz\u00f4nia.<\/p>\n<p>Na hist\u00f3ria, Ingrid vive Paula Pratta, uma influenciadora de moda acostumada aos holofotes, campanhas milion\u00e1rias e a uma rotina onde tudo \u00e9 milimetricamente calculado para brilhar nas redes sociais. Ela acaba recebendo o convite para estrelar uma campanha especial de Dia das M\u00e3es ao lado do filho, Cadu (Filipe Bragan\u00e7a).\u00a0<\/p>\n<p>Tudo parecia perfeito at\u00e9 o jovem decidir viajar para a Amaz\u00f4nia para se engajar na defesa da floresta. A decis\u00e3o do filho coloca em risco a agenda impec\u00e1vel da influenciadora e for\u00e7a Paula a sair da sua bolha luxuosa.<\/p>\n<p>Obrigada a manter a imagem digital intacta, ela segue para o Norte ao lado do fiel assistente Taylor (Rafa Chalub), iniciando uma jornada repleta de trapalhadas, encontros marcantes e descobertas que a fazem repensar prioridades.\u00a0<\/p>\n<p class=\"text-center mb-3 mt-5\" style=\"line-height:0; font-size: 0.8rem;\">\n CONTINUA DEPOIS DA PUBLICIDADE\n<\/p>\n<p>As cenas na Amaz\u00f4nia, gravadas entre comunidades ribeirinhas e cen\u00e1rios naturais, d\u00e3o ao filme um charme especial, principalmente quando Paula, completamente perdida nos costumes locais, tenta enfrentar um card\u00e1pio que inclui mani\u00e7oba, tacac\u00e1, a\u00e7a\u00ed e tapioca. A personagem torce o nariz, mas fora das c\u00e2meras, Ingrid Guimar\u00e3es j\u00e1 declarou ser apaixonada pela culin\u00e1ria regional, especialmente pela pr\u00f3pria mani\u00e7oba.<\/p>\n<p>O elenco ainda re\u00fane K\u00e9sia Est\u00e1cio, Jonas Bloch e o argentino Michel Noher. Com dire\u00e7\u00e3o de Flavia Lacerda e roteiro assinado por Ingrid Guimar\u00e3es ao lado de Marcelo Saback, C\u00e9lio Porto e Edu Ara\u00fajo, \u201cPerrengue Fashion\u201d carrega um diferencial importante: \u00e9 a primeira produ\u00e7\u00e3o brasileira da Amazon MGM Studios, realizada em parceria com Paris Filmes, Downtown Filmes e Morena Filmes.<\/p>\n<p>Com humor leve, paisagens exuberantes e uma protagonista tentando sobreviver muito al\u00e9m do salto alto, \u201cPerrengue Fashion\u201d \u00e9 a escolha certa para quem quer relaxar no sof\u00e1 e dar boas risadas neste fim de semana. Uma com\u00e9dia que diverte, abra\u00e7a a cultura amaz\u00f4nica e ainda entrega aquele toque de reflex\u00e3o sobre maternidade e prioridades.<\/p>\n<p><strong>Confira o trailer:<\/strong><\/p>\n","protected":false},"excerpt":{"rendered":"A com\u00e9dia nacional \u201cPerrengue Fashion\u201d chega ao Prime Video como uma das estreias para quem procura leveza no&hellip;\n","protected":false},"author":2,"featured_media":170746,"comment_status":"","ping_status":"","sticky":false,"template":"","format":"standard","meta":{"footnotes":""},"categories":[140],"tags":[6724,114,115,4734,147,148,146,32,33,940],"class_list":{"0":"post-170745","1":"post","2":"type-post","3":"status-publish","4":"format-standard","5":"has-post-thumbnail","7":"category-filmes","8":"tag-cinema-brasileiro","9":"tag-entertainment","10":"tag-entretenimento","11":"tag-estreia","12":"tag-film","13":"tag-filmes","14":"tag-movies","15":"tag-portugal","16":"tag-pt","17":"tag-streaming"},"share_on_mastodon":{"url":"https:\/\/pubeurope.com\/@pt\/115639674700622408","error":""},"_links":{"self":[{"href":"https:\/\/www.europesays.com\/pt\/wp-json\/wp\/v2\/posts\/170745","targetHints":{"allow":["GET"]}}],"collection":[{"href":"https:\/\/www.europesays.com\/pt\/wp-json\/wp\/v2\/posts"}],"about":[{"href":"https:\/\/www.europesays.com\/pt\/wp-json\/wp\/v2\/types\/post"}],"author":[{"embeddable":true,"href":"https:\/\/www.europesays.com\/pt\/wp-json\/wp\/v2\/users\/2"}],"replies":[{"embeddable":true,"href":"https:\/\/www.europesays.com\/pt\/wp-json\/wp\/v2\/comments?post=170745"}],"version-history":[{"count":0,"href":"https:\/\/www.europesays.com\/pt\/wp-json\/wp\/v2\/posts\/170745\/revisions"}],"wp:featuredmedia":[{"embeddable":true,"href":"https:\/\/www.europesays.com\/pt\/wp-json\/wp\/v2\/media\/170746"}],"wp:attachment":[{"href":"https:\/\/www.europesays.com\/pt\/wp-json\/wp\/v2\/media?parent=170745"}],"wp:term":[{"taxonomy":"category","embeddable":true,"href":"https:\/\/www.europesays.com\/pt\/wp-json\/wp\/v2\/categories?post=170745"},{"taxonomy":"post_tag","embeddable":true,"href":"https:\/\/www.europesays.com\/pt\/wp-json\/wp\/v2\/tags?post=170745"}],"curies":[{"name":"wp","href":"https:\/\/api.w.org\/{rel}","templated":true}]}}