{"id":170811,"date":"2025-11-30T17:57:29","date_gmt":"2025-11-30T17:57:29","guid":{"rendered":"https:\/\/www.europesays.com\/pt\/170811\/"},"modified":"2025-11-30T17:57:29","modified_gmt":"2025-11-30T17:57:29","slug":"ines-heredia-faz-revelacao-que-envolve-gabriela-sobral-vamos-passar","status":"publish","type":"post","link":"https:\/\/www.europesays.com\/pt\/170811\/","title":{"rendered":"In\u00eas Her\u00e9dia &#8211; Faz revela\u00e7\u00e3o que envolve Gabriela Sobral: &#8220;Vamos passar&#8230;&#8221;"},"content":{"rendered":"<p>Com uma fam\u00edlia enorme, <strong>In\u00eas Her\u00e9dia<\/strong> j\u00e1 est\u00e1 a pensar no Natal que, como sempre, \u00e9 passado\u00a0com os seus. A dimens\u00e3o do cl\u00e3 \u00e9 tal que a atriz assume que o n\u00famero de familiares \u00e9 quase incalcul\u00e1vel. &#8220;Os Her\u00e9dia s\u00e3o mais que as m\u00e3es, mas passamos juntos&#8221;, come\u00e7ou por dizer, \u00e0 margem do evento Natal a Meias, que ocorreu no passado dia 10, no Ferrovi\u00e1rio, em Lisboa. &#8220;Do lado da minha av\u00f3 somos, sei l\u00e1, 200, 300, nem sei. Mas juntam-se todos\u201d, acrescentou. Por\u00e9m, pela dificuldade em juntar todos num s\u00f3 dia, a fam\u00edlia opta por dividir os eventos. \u201c<strong>O Natal come\u00e7a umas duas semanas antes. Eu sou das que tem menos filhos, s\u00f3 tenho dois. Tenho que ir fazer mais para igualar as minhas primas<\/strong>\u201d, brincou, confessando que, embora n\u00e3o esteja nos planos para breve, tem o desejo de aumentar a fam\u00edlia: \u201cGostava muito ter mais, se fizer sentido, mas n\u00e3o est\u00e1 nos planos a curto, m\u00e9dio prazo\u201d.\u00a0<\/p>\n<p>A atriz tem dois filhos, os g\u00e9meos <strong>Tom\u00e1s <\/strong>e <strong>Lu\u00eds<\/strong>, de seis anos, e esta \u00e9poca ganhou ainda mais significado pelo entusiasmo das crian\u00e7as. \u201cEles ainda acreditam no Pai Natal. Acho que \u00e9 o \u00faltimo ano, mas se calhar n\u00e3o, ainda me surpreendo. Eu queria ver se acreditavam mais um ano para tentar ir \u00e0 Lap\u00f3nia com eles. N\u00e3o \u00e9 este ano ainda, mas adorava\u201d. Isto porque, para a artista, a fam\u00edlia est\u00e1 sempre em primeiro lugar. \u201cN\u00e3o sei se alguma vez vou conseguir o passar o Natal sem os meus av\u00f3s. Este vai ser o primeiro sem o meu av\u00f4. A minha av\u00f3 est\u00e1 c\u00e1. S\u00f3 passei uma vez o Natal longe da fam\u00edlia e \u00e9 uma coisa que n\u00e3o me faz mesmo sentido\u201d, garantiu.\u00a0<\/p>\n<p>A artista comemora o seu anivers\u00e1rio no mesmo dia dos filhos, 27 de dezembro, o que torna esta \u00e9poca ainda mais festiva para todos, mas faz quest\u00e3o de n\u00e3o alimentar o esp\u00edrito consumista. \u201cN\u00f3s evitamos ao m\u00e1ximo. Na escola, j\u00e1 se faz muito dar-se s\u00f3 um presente, porque nos primeiros anos foi mesmo horr\u00edvel. V\u00ednhamos para casa com 40 presentes\u201d, contou, deixando claro: \u201cN\u00e3o faz sentido nenhum, n\u00e3o quero os meus filhos cheios de brinquedos. \u00c9 o oposto da forma como quero que vejam a celebra\u00e7\u00e3o do anivers\u00e1rio\u201d.\u00a0<\/p>\n<p>Mesmo ap\u00f3s <a href=\"https:\/\/www.novagente.pt\/ines-heredia-fala-sobre-separacao-de-gabriela-sobral-nao-um-tema\" rel=\"nofollow noopener\" target=\"_blank\">o fim da rela\u00e7\u00e3o<\/a>, In\u00eas e <strong>Gabriela Sobral<\/strong> organizam-se para n\u00e3o exagerar nos presentes dos meninos. \u201c<strong>Estamos super alinhadas no que \u00e9 que queremos dar e o que \u00e9 que n\u00e3o queremos. E j\u00e1 houve anos em que disse a familiares que n\u00e3o \u00e9 para dar nada, porque j\u00e1 h\u00e1 coisas a mais<\/strong>\u201d. As duas, que confirmaram a separa\u00e7\u00e3o em maio de 2025, continuam a colocar o bem-estar dos filhos em primeiro lugar. Por isso, segundo a artista, fazem quest\u00e3o de estar presentes na quadra: \u201c<strong>Vamos passar o Natal juntas, a Gabi com a minha fam\u00edlia e eu com a dela<\/strong>\u201d.\u00a0<\/p>\n<blockquote>\n<p><strong>Leia ainda: <\/strong>In\u00eas Her\u00e9dia &#8211; <a href=\"https:\/\/www.novagente.pt\/ines-heredia-apos-divorcio-abre-jogo-sobre-apaixonar-se-novamente-quer-eu-quer-gabi\" rel=\"nofollow noopener\" target=\"_blank\">Ap\u00f3s div\u00f3rcio, abre o jogo sobre apaixonar-se novamente: &#8220;Quer eu, quer a Gabi&#8230;&#8221;<\/a><\/p>\n<\/blockquote>\n<p>\u201cSinto-me completa\u00a0a escrever\u201d<\/p>\n<p>Depois do fim de Festa \u00e9 Festa, a atriz tem aproveitado para estudar e dedicar-se aos seus projetos. \u201cEstou tudo menos em pausa. Estou a estudar Literatura em Oxford, e a adorar\u201d, garantiu. \u201cComecei a escrever fic\u00e7\u00e3o h\u00e1 quatro anos. Fui muito desafiada para escrever um romance, e eu n\u00e3o sabia se tinha isso dentro de mim ou n\u00e3o, ent\u00e3o fui estudar\u201d, continuou. Embora ainda n\u00e3o tenha descoberto se tem ou n\u00e3o o dom, acrescenta que est\u00e1 feliz: \u201cH\u00e1 coisas que fa\u00e7o porque gosto e porque me sinto completa a escrever. Leio muito, e a parte da escrita para fic\u00e7\u00e3o come\u00e7ou por a\u00ed\u201d.\u00a0<\/p>\n<p>In\u00eas n\u00e3o nega, no entanto, a possibilidade de tornar este passatempo em algo profissional. \u201cTenho tantas hist\u00f3rias mirabolantes que me passam pela cabe\u00e7a, que \u00e0s tantas comecei a p\u00f4r isto no papel. Estive durante um ano a estudar escrita para gui\u00e3o, h\u00e1 cinco anos. E como a coisa est\u00e1 a correr bem, ent\u00e3o vamos l\u00e1 olhar para isto de uma forma mais s\u00e9ria\u201d, esclareceu. Por outro lado, quer ter a possibilidade de ter total liberdade no processo de escrita, o que nem sempre \u00e9 compat\u00edvel com as produ\u00e7\u00f5es. \u201cN\u00e3o quero escrever uma novela\u201d, exemplificou.\u00a0<\/p>\n<p>Feliz com aquilo que a vida lhe tem proporcionado, a atriz manifesta um claro desejo para o pr\u00f3ximo ano: \u201cS\u00f3 pe\u00e7o que ningu\u00e9m fique doente. <strong>Estou numa fase em que tudo corre t\u00e3o bem, os mi\u00fados est\u00e3o bem, a minha vida profissional est\u00e1 no s\u00edtio onde eu gostava que estivesse, estou finalmente a conseguir ter mais tempo em casa, que \u00e9 uma coisa que eu n\u00e3o tinha h\u00e1 seis anos<\/strong>\u201d, contou, acrescentando para rematar: \u201cClaro que h\u00e1 sempre coisas que podem ficar melhores, que gostava de fazer, mas acho que \u00e9 preciso ter muita consci\u00eancia de que n\u00e3o \u00e9 preciso muito mais\u201d.<\/p>\n<p>In\u00eas Her\u00e9dia sai \u00e0 rua sem camisola<\/p>\n<p>Texto: Lu\u00eds Duarte Sousa; Fotos: Arquivo Impala.\u00a0<\/p>\n<p class=\"intagram-text\">Siga a Nova Gente no Instagram<\/p>\n<p>                        <a href=\"https:\/\/www.instagram.com\/revistanovagente\/\" target=\"_blank\" aria-label=\"instagram\" rel=\"noopener nofollow\"><img decoding=\"async\" style=\"display: block; margin-left: auto; margin-right: auto; width: 250px; height: 83px;\" src=\"https:\/\/www.europesays.com\/pt\/wp-content\/uploads\/2025\/11\/Instagram_NG.png\" alt=\"instagram\"\/><\/a><br \/>\n                    <script async src=\"\/\/www.instagram.com\/embed.js\"><\/script><\/p>\n","protected":false},"excerpt":{"rendered":"Com uma fam\u00edlia enorme, In\u00eas Her\u00e9dia j\u00e1 est\u00e1 a pensar no Natal que, como sempre, \u00e9 passado\u00a0com os&hellip;\n","protected":false},"author":2,"featured_media":170812,"comment_status":"","ping_status":"","sticky":false,"template":"","format":"standard","meta":{"footnotes":""},"categories":[145],"tags":[211,210,114,115,35835,2440,7561,32,33],"class_list":{"0":"post-170811","1":"post","2":"type-post","3":"status-publish","4":"format-standard","5":"has-post-thumbnail","7":"category-celebridades","8":"tag-celebridades","9":"tag-celebrities","10":"tag-entertainment","11":"tag-entretenimento","12":"tag-gabriela-sobral","13":"tag-ines-heredia","14":"tag-natal","15":"tag-portugal","16":"tag-pt"},"share_on_mastodon":{"url":"https:\/\/pubeurope.com\/@pt\/115639946519519286","error":""},"_links":{"self":[{"href":"https:\/\/www.europesays.com\/pt\/wp-json\/wp\/v2\/posts\/170811","targetHints":{"allow":["GET"]}}],"collection":[{"href":"https:\/\/www.europesays.com\/pt\/wp-json\/wp\/v2\/posts"}],"about":[{"href":"https:\/\/www.europesays.com\/pt\/wp-json\/wp\/v2\/types\/post"}],"author":[{"embeddable":true,"href":"https:\/\/www.europesays.com\/pt\/wp-json\/wp\/v2\/users\/2"}],"replies":[{"embeddable":true,"href":"https:\/\/www.europesays.com\/pt\/wp-json\/wp\/v2\/comments?post=170811"}],"version-history":[{"count":0,"href":"https:\/\/www.europesays.com\/pt\/wp-json\/wp\/v2\/posts\/170811\/revisions"}],"wp:featuredmedia":[{"embeddable":true,"href":"https:\/\/www.europesays.com\/pt\/wp-json\/wp\/v2\/media\/170812"}],"wp:attachment":[{"href":"https:\/\/www.europesays.com\/pt\/wp-json\/wp\/v2\/media?parent=170811"}],"wp:term":[{"taxonomy":"category","embeddable":true,"href":"https:\/\/www.europesays.com\/pt\/wp-json\/wp\/v2\/categories?post=170811"},{"taxonomy":"post_tag","embeddable":true,"href":"https:\/\/www.europesays.com\/pt\/wp-json\/wp\/v2\/tags?post=170811"}],"curies":[{"name":"wp","href":"https:\/\/api.w.org\/{rel}","templated":true}]}}