{"id":170815,"date":"2025-11-30T18:02:21","date_gmt":"2025-11-30T18:02:21","guid":{"rendered":"https:\/\/www.europesays.com\/pt\/170815\/"},"modified":"2025-11-30T18:02:21","modified_gmt":"2025-11-30T18:02:21","slug":"como-treinar-o-seu-dragao-live-action-ganha-data-para-chegar-em-streaming","status":"publish","type":"post","link":"https:\/\/www.europesays.com\/pt\/170815\/","title":{"rendered":"Como Treinar o seu Drag\u00e3o: Live-action ganha data para chegar em streaming"},"content":{"rendered":"<p>  <img width=\"76\" height=\"40\"   alt=\"Capa da Publica\u00e7\u00e3o\" class=\"article-cover__image\"\/><\/p>\n<p class=\"post__tagline\">Finalmente!<\/p>\n<p>O live-action de <strong>Como Treinar o seu Drag\u00e3o<\/strong> vai chegar no streaming! Meses ap\u00f3s o lan\u00e7amento do filme, agora j\u00e1 sabemos quando o longa chega nas telinhas e qual streaming ser\u00e1 sua casa.<\/p>\n<p>A partir do dia <strong>22 de dezembro de 2025<\/strong>, Como Treinar o Seu Drag\u00e3o estar\u00e1 dispon\u00edvel no cat\u00e1logo do <strong>Prime Video<\/strong>, sem custo adicional para assinantes.\u00a0Anteriormente, o filme estava dispon\u00edvel apenas para compra e aluguel nas plataformas digitais.<\/p>\n<p><img fetchpriority=\"high\" decoding=\"async\" class=\"alignnone size-full wp-image-864139 lazyload\" alt=\"\" width=\"1200\" height=\"628\" \/><\/p>\n<p>Estrelado por <strong>Mason Thames<\/strong>, como Solu\u00e7o, e dirigido por <strong>Dean DeBlois<\/strong>, mesmo diretor da anima\u00e7\u00e3o, a sequ\u00eancia do live-action j\u00e1 est\u00e1 confirmada e as grava\u00e7\u00f5es j\u00e1 come\u00e7aram.<\/p>\n<p>A estreia de Como Treinar o Seu Drag\u00e3o 2 est\u00e1 marcada para junho de 2027.<\/p>\n","protected":false},"excerpt":{"rendered":"Finalmente! O live-action de Como Treinar o seu Drag\u00e3o vai chegar no streaming! Meses ap\u00f3s o lan\u00e7amento do&hellip;\n","protected":false},"author":2,"featured_media":170816,"comment_status":"","ping_status":"","sticky":false,"template":"","format":"standard","meta":{"footnotes":""},"categories":[140],"tags":[21453,35836,114,115,147,148,16721,146,32,33,35837],"class_list":{"0":"post-170815","1":"post","2":"type-post","3":"status-publish","4":"format-standard","5":"has-post-thumbnail","7":"category-filmes","8":"tag-arco-da-montanha-natagumo","9":"tag-convenu00e7u00e3o-das-bruxas","10":"tag-entertainment","11":"tag-entretenimento","12":"tag-film","13":"tag-filmes","14":"tag-mestres-do-universo","15":"tag-movies","16":"tag-portugal","17":"tag-pt","18":"tag-silent-hill-2-remake"},"share_on_mastodon":{"url":"https:\/\/pubeurope.com\/@pt\/115639965825265784","error":""},"_links":{"self":[{"href":"https:\/\/www.europesays.com\/pt\/wp-json\/wp\/v2\/posts\/170815","targetHints":{"allow":["GET"]}}],"collection":[{"href":"https:\/\/www.europesays.com\/pt\/wp-json\/wp\/v2\/posts"}],"about":[{"href":"https:\/\/www.europesays.com\/pt\/wp-json\/wp\/v2\/types\/post"}],"author":[{"embeddable":true,"href":"https:\/\/www.europesays.com\/pt\/wp-json\/wp\/v2\/users\/2"}],"replies":[{"embeddable":true,"href":"https:\/\/www.europesays.com\/pt\/wp-json\/wp\/v2\/comments?post=170815"}],"version-history":[{"count":0,"href":"https:\/\/www.europesays.com\/pt\/wp-json\/wp\/v2\/posts\/170815\/revisions"}],"wp:featuredmedia":[{"embeddable":true,"href":"https:\/\/www.europesays.com\/pt\/wp-json\/wp\/v2\/media\/170816"}],"wp:attachment":[{"href":"https:\/\/www.europesays.com\/pt\/wp-json\/wp\/v2\/media?parent=170815"}],"wp:term":[{"taxonomy":"category","embeddable":true,"href":"https:\/\/www.europesays.com\/pt\/wp-json\/wp\/v2\/categories?post=170815"},{"taxonomy":"post_tag","embeddable":true,"href":"https:\/\/www.europesays.com\/pt\/wp-json\/wp\/v2\/tags?post=170815"}],"curies":[{"name":"wp","href":"https:\/\/api.w.org\/{rel}","templated":true}]}}