{"id":170821,"date":"2025-11-30T18:09:17","date_gmt":"2025-11-30T18:09:17","guid":{"rendered":"https:\/\/www.europesays.com\/pt\/170821\/"},"modified":"2025-11-30T18:09:17","modified_gmt":"2025-11-30T18:09:17","slug":"venezuela-mne-diz-nao-ter-registo-de-situacoes-com-portugueses-que-justifiquem-alarme","status":"publish","type":"post","link":"https:\/\/www.europesays.com\/pt\/170821\/","title":{"rendered":"Venezuela. MNE diz n\u00e3o ter registo de situa\u00e7\u00f5es com portugueses que justifiquem alarme"},"content":{"rendered":"<p><b>&#8220;No \u00e2mbito da sua miss\u00e3o de apoio permanente \u00e0 Comunidade Portuguesa, a Embaixada e os Consulados-Gerais est\u00e3o em contacto permanente com os portugueses residentes na Venezuela&#8221;<\/b>, l\u00ea-se na nota enviada \u00e0 imprensa este domingo.\u00a0Este s\u00e1bado, o presidente portugu\u00eas, Marcelo Rebelo de Sousa, afirmou &#13;<br \/>\nque est\u00e1 a acompanhar em perman\u00eancia a situa\u00e7\u00e3o na Venezuela e <a href=\"https:\/\/www.rtp.pt\/noticias\/mundo\/tensao-eua-venezuela-marcelo-rebelo-de-sousa-preocupado-com-comunidade-portuguesa_n1701656\" target=\"_blank\" rel=\"nofollow noopener\">admitiu &#13;<br \/>\nestar preocupado<\/a> com o momento complicado para a comunidade portuguesa.\u00a0<\/p>\n<p>&#13;<br \/>\nAcrescenta que <b>&#8220;at\u00e9 ao momento n\u00e3o h\u00e1 a registar qualquer situa\u00e7\u00e3o que justifique alarme&#8221; e que o Estado portugu\u00eas tem &#8220;sempre&#8221; planos de conting\u00eancia &#8220;para as diferen\u00e7as&#8221;<\/b>, sendo estes de natureza &#8220;naturalmente reservada&#8221;.\u00a0&#13;\n<\/p>\n<p>&#13;<br \/>\nO MNE pede ainda aos cidad\u00e3os nacionais residentes na Venezuela para que mantenham os seus contactos atualizados a fim de garantir uma comunica\u00e7\u00e3o eficaz e atempada com os servi\u00e7os consulares portugueses sempre que seja necess\u00e1rio.\u00a0&#13;\n<\/p>\n<p>&#13;<br \/>\nS\u00e3o tamb\u00e9m disponibilizados os contactos para a comuidade portuguesa residente na Venezuela, desde o Consultado-Geral de Portugal em Caracas &#8211; (+58)414-466 53 50, cgcaracas@mne.pt &#8211; ao Consulado-Geral de Portugal em Val\u00eancia &#8211;\u00a0(+58)412-0405565 \/ (+58)414-484 35 41, valencia@mne.pt &#8211; e ainda o Gabinete de Emerg\u00eancia Consular &#8211;\u00a0(+351) 217 929 714 \/ (+351) 961 706 472, gec@mne.pt.\u00a0&#13;\n<\/p>\n<p>&#13;<br \/>\nA Venezuela tem uma grande comunidade portuguesa e de lusodescendentes, sendo um dos principais destinos da emigra\u00e7\u00e3o madeirense. Em 2019, viviam no pa\u00eds cerca de 300 mil pessoas.&#13;\n<\/p>\n<p>&#13;<br \/>\n<b>&#13;<br \/>\nDesde setembro que as tens\u00f5es entre Caracas e Washington se t\u00eam exacerbado, com os Estados Unidos a enviarem um destacamento naval e a\u00e9reo para as \u00e1guas das Cara\u00edbas perto da Venezuela, com o pretexto de combate ao narcotr\u00e1fico.\u00a0&#13;<br \/>\n<\/b>&#13;\n<\/p>\n<p>&#13;<br \/>\n<br \/>&#13;<br \/>\nA situa\u00e7\u00e3o levou a Administra\u00e7\u00e3o Federal de Avia\u00e7\u00e3o dos Estados Unidos (FAA) a recomendar &#8220;extrema cautela&#8221; ao sobrevoar a Venezuela e o sul das Cara\u00edbas no passado dia 21 de novembro, citando uma situa\u00e7\u00e3o &#8220;potencialmente perigosa&#8221; na regi\u00e3o.\u00a0&#13;\n<\/p>\n<p>&#13;<br \/>\nV\u00e1rias companhias a\u00e9reas, incluindo a TAP, ordenaram a suspens\u00e3o dos voos para aquele pa\u00eds e o Governo de Caracas respondeu com a revoga\u00e7\u00e3o das licen\u00e7as de opera\u00e7\u00e3o da TAP, Iberia, Avianca, Latam Colombia, Turkish Airlines e Gol. Acusa estas transportadoras de se &#8220;unirem a atos de terrorismo&#8221; promovidos pelos EUA.\u00a0&#13;\n<\/p>\n<p>Na \u00faltima quinta-feira, Donald Trump admitiu mesmo opera\u00e7\u00f5es terrestres em territ\u00f3rio venezuelano na luta contra os cart\u00e9is de droga. E este s\u00e1bado, o presidente norte-americano avisou que o espa\u00e7o a\u00e9reo da Venezuela <a href=\"https:\/\/www.rtp.pt\/noticias\/mundo\/trump-afirma-que-espaco-aereo-da-venezuela-esta-totalmente-fechado_n1701525\" target=\"_blank\" rel=\"nofollow noopener\">deve ser considerado &#8220;totalmente fechado&#8221;<\/a>. Nicol\u00e1s Maduro respondeu que se trata de uma &#8220;amea\u00e7a colonialista&#8221;.\u00a0<\/p>\n","protected":false},"excerpt":{"rendered":"&#8220;No \u00e2mbito da sua miss\u00e3o de apoio permanente \u00e0 Comunidade Portuguesa, a Embaixada e os Consulados-Gerais est\u00e3o em&hellip;\n","protected":false},"author":2,"featured_media":170822,"comment_status":"","ping_status":"","sticky":false,"template":"","format":"standard","meta":{"footnotes":""},"categories":[10],"tags":[27,28,16355,15,16,14,25,26,21,22,24240,12,13,19,20,32,8168,23,24,33,17,18,29,30,31,3023],"class_list":{"0":"post-170821","1":"post","2":"type-post","3":"status-publish","4":"format-standard","5":"has-post-thumbnail","7":"category-portugal","8":"tag-breaking-news","9":"tag-breakingnews","10":"tag-comunidade","11":"tag-featured-news","12":"tag-featurednews","13":"tag-headlines","14":"tag-latest-news","15":"tag-latestnews","16":"tag-main-news","17":"tag-mainnews","18":"tag-mne","19":"tag-news","20":"tag-noticias","21":"tag-noticias-principais","22":"tag-noticiasprincipais","23":"tag-portugal","24":"tag-portugueses","25":"tag-principais-noticias","26":"tag-principaisnoticias","27":"tag-pt","28":"tag-top-stories","29":"tag-topstories","30":"tag-ultimas","31":"tag-ultimas-noticias","32":"tag-ultimasnoticias","33":"tag-venezuela"},"share_on_mastodon":{"url":"https:\/\/pubeurope.com\/@pt\/115639993207223630","error":""},"_links":{"self":[{"href":"https:\/\/www.europesays.com\/pt\/wp-json\/wp\/v2\/posts\/170821","targetHints":{"allow":["GET"]}}],"collection":[{"href":"https:\/\/www.europesays.com\/pt\/wp-json\/wp\/v2\/posts"}],"about":[{"href":"https:\/\/www.europesays.com\/pt\/wp-json\/wp\/v2\/types\/post"}],"author":[{"embeddable":true,"href":"https:\/\/www.europesays.com\/pt\/wp-json\/wp\/v2\/users\/2"}],"replies":[{"embeddable":true,"href":"https:\/\/www.europesays.com\/pt\/wp-json\/wp\/v2\/comments?post=170821"}],"version-history":[{"count":0,"href":"https:\/\/www.europesays.com\/pt\/wp-json\/wp\/v2\/posts\/170821\/revisions"}],"wp:featuredmedia":[{"embeddable":true,"href":"https:\/\/www.europesays.com\/pt\/wp-json\/wp\/v2\/media\/170822"}],"wp:attachment":[{"href":"https:\/\/www.europesays.com\/pt\/wp-json\/wp\/v2\/media?parent=170821"}],"wp:term":[{"taxonomy":"category","embeddable":true,"href":"https:\/\/www.europesays.com\/pt\/wp-json\/wp\/v2\/categories?post=170821"},{"taxonomy":"post_tag","embeddable":true,"href":"https:\/\/www.europesays.com\/pt\/wp-json\/wp\/v2\/tags?post=170821"}],"curies":[{"name":"wp","href":"https:\/\/api.w.org\/{rel}","templated":true}]}}