{"id":170825,"date":"2025-11-30T18:14:30","date_gmt":"2025-11-30T18:14:30","guid":{"rendered":"https:\/\/www.europesays.com\/pt\/170825\/"},"modified":"2025-11-30T18:14:30","modified_gmt":"2025-11-30T18:14:30","slug":"angelica-celebra-52-anos-de-topless-nos-lencois-maranhenses","status":"publish","type":"post","link":"https:\/\/www.europesays.com\/pt\/170825\/","title":{"rendered":"Ang\u00e9lica celebra 52 anos de topless nos Len\u00e7\u00f3is Maranhenses"},"content":{"rendered":"<p><strong>Ang\u00e9lica\u00a0<\/strong>comemorou\u00a0o anivers\u00e1rio de 52 anos \u2014 completados neste domingo (30\/11) \u2014 em uma viagem para os Le\u00e7\u00f3is Maranhenses ao lado do marido <strong>Luciano Huck<\/strong>. Nas redes sociais, a apresentadora surgiu de topless em registros do passeio.<\/p>\n<p>Na legenda da publica\u00e7\u00e3o, <strong>Ang\u00e9lica<\/strong> agradeceu a oportunidade de celebrar seu novo ciclo de vida em um lugar paradis\u00edaco e exaltou e a companhia do marido nesse momento especial.\u00a0<\/p>\n<p>&#8220;Obrigada, obrigada! Dias felizes celebrando a vida, enquanto a natureza me presenteia com paz, beleza e alegria. Atins\u2026 que lugar m\u00e1gico, cheio de energia boa e seu povo t\u00e3o amoroso. Obrigada, Len\u00e7\u00f3is Maranhenses, e a todos que fizeram esses dias do meu anivers\u00e1rio t\u00e3o especiais. E, principalmente, ao meu amor&#8221;, escreveu a loira.<\/p>\n<p>Na se\u00e7\u00e3o de coment\u00e1rios, dezenas de famosos, como\u00a0<strong>Aline Whirley, F\u00e1tima Bernardes, Gorete Milagres,<\/strong>\u00a0<strong>Scheila Carvalho<\/strong>, entre outros,\u00a0felicitaram <strong>Ang\u00e9lica\u00a0<\/strong>por seu anivers\u00e1rio.<\/p>\n<p>Confira:<\/p>\n<blockquote class=\"instagram-media\" style=\"background: #FFF; border: 0; border-radius: 3px; box-shadow: 0 0 1px 0 rgba(0,0,0,0.5),0 1px 10px 0 rgba(0,0,0,0.15); margin: 1px; max-width: 540px; min-width: 326px; padding: 0; width: calc(100% - 2px);\" data-instgrm-captioned=\"\" data-instgrm-permalink=\"https:\/\/www.instagram.com\/p\/DRrVPjzDhwB\/?utm_source=ig_embed&amp;utm_campaign=loading\" data-instgrm-version=\"14\"><p>&#13;<br \/>\n&#13;\n<\/p><\/blockquote>\n<p>            <script async src=\"\/\/www.instagram.com\/embed.js\"><\/script><\/p>\n","protected":false},"excerpt":{"rendered":"Ang\u00e9lica\u00a0comemorou\u00a0o anivers\u00e1rio de 52 anos \u2014 completados neste domingo (30\/11) \u2014 em uma viagem para os Le\u00e7\u00f3is Maranhenses&hellip;\n","protected":false},"author":2,"featured_media":170826,"comment_status":"","ping_status":"","sticky":false,"template":"","format":"standard","meta":{"footnotes":""},"categories":[142],"tags":[13885,114,115,2815,32,33,151],"class_list":{"0":"post-170825","1":"post","2":"type-post","3":"status-publish","4":"format-standard","5":"has-post-thumbnail","7":"category-tv","8":"tag-angelica","9":"tag-entertainment","10":"tag-entretenimento","11":"tag-luciano-huck","12":"tag-portugal","13":"tag-pt","14":"tag-tv"},"share_on_mastodon":{"url":"https:\/\/pubeurope.com\/@pt\/115640012839845782","error":""},"_links":{"self":[{"href":"https:\/\/www.europesays.com\/pt\/wp-json\/wp\/v2\/posts\/170825","targetHints":{"allow":["GET"]}}],"collection":[{"href":"https:\/\/www.europesays.com\/pt\/wp-json\/wp\/v2\/posts"}],"about":[{"href":"https:\/\/www.europesays.com\/pt\/wp-json\/wp\/v2\/types\/post"}],"author":[{"embeddable":true,"href":"https:\/\/www.europesays.com\/pt\/wp-json\/wp\/v2\/users\/2"}],"replies":[{"embeddable":true,"href":"https:\/\/www.europesays.com\/pt\/wp-json\/wp\/v2\/comments?post=170825"}],"version-history":[{"count":0,"href":"https:\/\/www.europesays.com\/pt\/wp-json\/wp\/v2\/posts\/170825\/revisions"}],"wp:featuredmedia":[{"embeddable":true,"href":"https:\/\/www.europesays.com\/pt\/wp-json\/wp\/v2\/media\/170826"}],"wp:attachment":[{"href":"https:\/\/www.europesays.com\/pt\/wp-json\/wp\/v2\/media?parent=170825"}],"wp:term":[{"taxonomy":"category","embeddable":true,"href":"https:\/\/www.europesays.com\/pt\/wp-json\/wp\/v2\/categories?post=170825"},{"taxonomy":"post_tag","embeddable":true,"href":"https:\/\/www.europesays.com\/pt\/wp-json\/wp\/v2\/tags?post=170825"}],"curies":[{"name":"wp","href":"https:\/\/api.w.org\/{rel}","templated":true}]}}