{"id":17083,"date":"2025-08-05T13:42:07","date_gmt":"2025-08-05T13:42:07","guid":{"rendered":"https:\/\/www.europesays.com\/pt\/17083\/"},"modified":"2025-08-05T13:42:07","modified_gmt":"2025-08-05T13:42:07","slug":"russia-intensifica-ofensiva-e-conquista-nova-cidade-ucraniana","status":"publish","type":"post","link":"https:\/\/www.europesays.com\/pt\/17083\/","title":{"rendered":"R\u00fassia intensifica ofensiva e conquista nova cidade ucraniana"},"content":{"rendered":"<p>                    Na segunda-feira, a administra\u00e7\u00e3o militar de Stepnohirsk, na regi\u00e3o de Zaporizhzhia, confirmou a morte de tr\u00eas pessoas na sequ\u00eancia de um ataque russo. Entretanto, outro ataque com drones russos no distrito de Chuhuiv, na regi\u00e3o de Kharkiv, vitimou mais tr\u00eas ucranianos.<\/p>\n<p>Tamb\u00e9m um ataque russo contra uma infraestrutura ferrovi\u00e1ria, incluindo a esta\u00e7\u00e3o de Lozova, acabou por matar um mec\u00e2nico e deixar feridos outros quatro funcion\u00e1rios, informou a empresa ferrovi\u00e1ria nacional Ukrzaliznytsia.<\/p>\n<p><b>A For\u00e7a A\u00e9rea Ucraniana anunciou ter abatido 29 drones Geran-2, inspirados no Shahed iraniano, no norte e leste do pa\u00eds durante a noite de segunda para ter\u00e7a-feira.<\/b><\/p>\n<p>O presidente ucraniano reagiu nas redes sociais declarando que <b>&#8220;um total de dez outras pessoas ficaram feridas&#8221; nas zonas residenciais em Lozova, incluindo &#8220;duas crian\u00e7as&#8221;.<\/b><\/p>\n<p>Os militares russos dispararam 6.297 drones de longo alcance contra a Ucr\u00e2nia em julho, um n\u00famero recorde desde o in\u00edcio da invas\u00e3o em fevereiro de 2022, de acordo com dados divulgados pela ag\u00eancia France Presse.<\/p>\n<p>Volodymyr Zelensky repetiu, por isso, os apelos aos parceiros internacionais para que &#8220;intensifiquem a press\u00e3o&#8221; sobre os lucros do petr\u00f3leo russo.<\/p>\n<p><b>&#8220;O mundo agora v\u00ea que as san\u00e7\u00f5es contra a R\u00fassia, e as san\u00e7\u00f5es secund\u00e1rias contra todos aqueles que a ajudam a lucrar com o petr\u00f3leo, podem funcionar se forem fortes o suficiente&#8221;<\/b>, afirmou, acrescentando que &#8220;aguarda medidas significativas e decisivas&#8221;.<\/p>\n<p>O presidente dos Estados Unidos amea\u00e7ou na segunda-feira aumentar &#8220;significativamente&#8221; as tarifas de 25 por cento \u00e0 \u00cdndia, parceira de Moscovo, se o pa\u00eds continuar a comprar petr\u00f3leo russo em &#8220;grandes quantidades&#8221;.<\/p>\n<p>Tamb\u00e9m esta ter\u00e7a-feira, o ex\u00e9rcito russo anunciou a conquista de uma nova vila na regi\u00e3o ucraniana de Dnipropetrovsk (centro-leste da Ucr\u00e2nia). <b>Numa nota do Minist\u00e9rio russo da Defesa, \u00e9 indicado que as unidades do grupo &#8220;Leste&#8221; &#8220;libertaram&#8221; a vila de Sichneve (Yanvarskoye em russo), localizada perto da fronteira com a vizinha regi\u00e3o ucraniana de Donetsk.&#13;<br \/>\n<\/b>&#13;<\/p>\n","protected":false},"excerpt":{"rendered":"Na segunda-feira, a administra\u00e7\u00e3o militar de Stepnohirsk, na regi\u00e3o de Zaporizhzhia, confirmou a morte de tr\u00eas pessoas na&hellip;\n","protected":false},"author":2,"featured_media":17084,"comment_status":"","ping_status":"","sticky":false,"template":"","format":"standard","meta":{"footnotes":""},"categories":[50],"tags":[27,28,15,16,14,25,26,21,22,62,12,13,19,20,23,24,420,421,17,18,29,30,31,63,64,65],"class_list":{"0":"post-17083","1":"post","2":"type-post","3":"status-publish","4":"format-standard","5":"has-post-thumbnail","7":"category-mundo","8":"tag-breaking-news","9":"tag-breakingnews","10":"tag-featured-news","11":"tag-featurednews","12":"tag-headlines","13":"tag-latest-news","14":"tag-latestnews","15":"tag-main-news","16":"tag-mainnews","17":"tag-mundo","18":"tag-news","19":"tag-noticias","20":"tag-noticias-principais","21":"tag-noticiasprincipais","22":"tag-principais-noticias","23":"tag-principaisnoticias","24":"tag-rtp","25":"tag-rtp-noticias","26":"tag-top-stories","27":"tag-topstories","28":"tag-ultimas","29":"tag-ultimas-noticias","30":"tag-ultimasnoticias","31":"tag-world","32":"tag-world-news","33":"tag-worldnews"},"share_on_mastodon":{"url":"","error":""},"_links":{"self":[{"href":"https:\/\/www.europesays.com\/pt\/wp-json\/wp\/v2\/posts\/17083","targetHints":{"allow":["GET"]}}],"collection":[{"href":"https:\/\/www.europesays.com\/pt\/wp-json\/wp\/v2\/posts"}],"about":[{"href":"https:\/\/www.europesays.com\/pt\/wp-json\/wp\/v2\/types\/post"}],"author":[{"embeddable":true,"href":"https:\/\/www.europesays.com\/pt\/wp-json\/wp\/v2\/users\/2"}],"replies":[{"embeddable":true,"href":"https:\/\/www.europesays.com\/pt\/wp-json\/wp\/v2\/comments?post=17083"}],"version-history":[{"count":0,"href":"https:\/\/www.europesays.com\/pt\/wp-json\/wp\/v2\/posts\/17083\/revisions"}],"wp:featuredmedia":[{"embeddable":true,"href":"https:\/\/www.europesays.com\/pt\/wp-json\/wp\/v2\/media\/17084"}],"wp:attachment":[{"href":"https:\/\/www.europesays.com\/pt\/wp-json\/wp\/v2\/media?parent=17083"}],"wp:term":[{"taxonomy":"category","embeddable":true,"href":"https:\/\/www.europesays.com\/pt\/wp-json\/wp\/v2\/categories?post=17083"},{"taxonomy":"post_tag","embeddable":true,"href":"https:\/\/www.europesays.com\/pt\/wp-json\/wp\/v2\/tags?post=17083"}],"curies":[{"name":"wp","href":"https:\/\/api.w.org\/{rel}","templated":true}]}}