{"id":170851,"date":"2025-11-30T18:37:26","date_gmt":"2025-11-30T18:37:26","guid":{"rendered":"https:\/\/www.europesays.com\/pt\/170851\/"},"modified":"2025-11-30T18:37:26","modified_gmt":"2025-11-30T18:37:26","slug":"doi-te-os-pulsos-no-macbook-air-na-loucura-lixa-o-portatil","status":"publish","type":"post","link":"https:\/\/www.europesays.com\/pt\/170851\/","title":{"rendered":"D\u00f3i-te os pulsos no MacBook Air? Na loucura, lixa o port\u00e1til!"},"content":{"rendered":"<p>O MacBook Air \u00e9 um dos port\u00e1teis mais bem constru\u00eddos do mercado. Alum\u00ednio s\u00f3lido, unibody impec\u00e1vel, leve, resistente e com aquele toque premium que a Apple sabe fazer e adora exibir.<\/p>\n<p>Mas, n\u00e3o \u00e9 para todos. H\u00e1 um detalhe que irrita v\u00e1rios utilizadores, especialmente aqueles que gostam de meter o pulso em cima do port\u00e1til enquanto trabalham. <strong>As arestas da zona frontal<\/strong>, que podem ser demasiado vincadas para quem passa horas a escrever.<\/p>\n<p>Pois bem, um utilizador farto desse desconforto decidiu fazer aquilo que a Apple jamais recomendaria. Pegou numa lixa, e depois num polidor. Basicamente, transformou o seu <strong>MacBook Air M3 de 13 polegadas<\/strong> num projeto de bricolage.<\/p>\n<p>Ficou mais confort\u00e1vel, mas tamb\u00e9m ganhou outros problemas.<\/p>\n<p><strong>Cansou-se das arestas e passou \u00e0 a\u00e7\u00e3o<\/strong><\/p>\n<p><img fetchpriority=\"high\" decoding=\"async\" class=\"aligncenter size-full wp-image-360438\" src=\"https:\/\/www.europesays.com\/pt\/wp-content\/uploads\/2025\/11\/macbook-lixa-2.jpg\" alt=\"\" width=\"1080\" height=\"812\"  \/><\/p>\n<p>O Redditor jurassic73 admitiu que adorava o port\u00e1til, mas n\u00e3o suportava mais a sensa\u00e7\u00e3o das arestas a \u201ccortar\u201d os pulsos sempre que o usava por longos per\u00edodos. Isto \u00e9 curioso, porque eu sentia exatamente o mesmo no meu modelo Pro de 2016.<\/p>\n<p>Mas, isto n\u00e3o \u00e9 novidade, muitos fabricantes (n\u00e3o \u00e9 s\u00f3 a Apple) deixam as bordas mais afiadas de prop\u00f3sito para evitar etapas adicionais de fabrico.<\/p>\n<p><strong>Este, no entanto, decidiu n\u00e3o esperar que a Apple mudasse o design.<\/strong><\/p>\n<ul>\n<li>Usou uma lixadora orbital com lixa de <strong>220 grit<\/strong><\/li>\n<li>Desbastou cerca de <strong>4 cm na zona frontal, traseira e laterais<\/strong><\/li>\n<li>Finalizou tudo com <strong>Mothers Aluminum Polish<\/strong>, um polidor de alum\u00ednio<\/li>\n<li>O resultado ficou surpreendentemente limpo, ao ponto de parecer um trabalho profissional<\/li>\n<\/ul>\n<p>As imagens partilhadas mostram um antes e depois impressionante. A zona frontal ficou muito mais arredondada e aparentemente confort\u00e1vel.<\/p>\n<p><strong>Mas h\u00e1 uma m\u00e1 not\u00edcia\u2026<\/strong><\/p>\n<p>Ao lixar o port\u00e1til, removeu tamb\u00e9m toda a <strong>camada anodizada<\/strong> do alum\u00ednio. E isso significa:<\/p>\n<ul>\n<li>O metal vai <strong>ganhar oxida\u00e7\u00e3o<\/strong> com o tempo<\/li>\n<li>Mancha facilmente<\/li>\n<li>Requer limpeza<\/li>\n<\/ul>\n<p>Mas, segundo ele, basta passar um pano e tudo volta ao normal. Nada que o assuste.<\/p>\n<p><strong>N\u00e3o tentem isto em casa!<\/strong><\/p>\n<p>Correu bem, mas podia ter corrido muito mal. \u00c9 preciso habilidade, \u00e9 preciso saber o que se est\u00e1 a fazer. Tem em conta que uma escorregadela na lixadora e o MacBook vira sucata.<\/p>\n<p>E claro, qualquer modifica\u00e7\u00e3o deste g\u00e9nero <strong>anula automaticamente qualquer garantia,<\/strong>\u00a0e a Apple provavelmente desmaiaria s\u00f3 de ver as fotos.<\/p>\n<p>&#8211; Advertisement &#8211;<\/p>\n","protected":false},"excerpt":{"rendered":"O MacBook Air \u00e9 um dos port\u00e1teis mais bem constru\u00eddos do mercado. Alum\u00ednio s\u00f3lido, unibody impec\u00e1vel, leve, resistente&hellip;\n","protected":false},"author":2,"featured_media":170852,"comment_status":"","ping_status":"","sticky":false,"template":"","format":"standard","meta":{"footnotes":""},"categories":[84],"tags":[109,107,108,32,33,105,103,104,106,110],"class_list":{"0":"post-170851","1":"post","2":"type-post","3":"status-publish","4":"format-standard","5":"has-post-thumbnail","7":"category-ciencia-e-tecnologia","8":"tag-ciencia","9":"tag-ciencia-e-tecnologia","10":"tag-cienciaetecnologia","11":"tag-portugal","12":"tag-pt","13":"tag-science","14":"tag-science-and-technology","15":"tag-scienceandtechnology","16":"tag-technology","17":"tag-tecnologia"},"share_on_mastodon":{"url":"https:\/\/pubeurope.com\/@pt\/115640103597768736","error":""},"_links":{"self":[{"href":"https:\/\/www.europesays.com\/pt\/wp-json\/wp\/v2\/posts\/170851","targetHints":{"allow":["GET"]}}],"collection":[{"href":"https:\/\/www.europesays.com\/pt\/wp-json\/wp\/v2\/posts"}],"about":[{"href":"https:\/\/www.europesays.com\/pt\/wp-json\/wp\/v2\/types\/post"}],"author":[{"embeddable":true,"href":"https:\/\/www.europesays.com\/pt\/wp-json\/wp\/v2\/users\/2"}],"replies":[{"embeddable":true,"href":"https:\/\/www.europesays.com\/pt\/wp-json\/wp\/v2\/comments?post=170851"}],"version-history":[{"count":0,"href":"https:\/\/www.europesays.com\/pt\/wp-json\/wp\/v2\/posts\/170851\/revisions"}],"wp:featuredmedia":[{"embeddable":true,"href":"https:\/\/www.europesays.com\/pt\/wp-json\/wp\/v2\/media\/170852"}],"wp:attachment":[{"href":"https:\/\/www.europesays.com\/pt\/wp-json\/wp\/v2\/media?parent=170851"}],"wp:term":[{"taxonomy":"category","embeddable":true,"href":"https:\/\/www.europesays.com\/pt\/wp-json\/wp\/v2\/categories?post=170851"},{"taxonomy":"post_tag","embeddable":true,"href":"https:\/\/www.europesays.com\/pt\/wp-json\/wp\/v2\/tags?post=170851"}],"curies":[{"name":"wp","href":"https:\/\/api.w.org\/{rel}","templated":true}]}}