{"id":170861,"date":"2025-11-30T18:46:28","date_gmt":"2025-11-30T18:46:28","guid":{"rendered":"https:\/\/www.europesays.com\/pt\/170861\/"},"modified":"2025-11-30T18:46:28","modified_gmt":"2025-11-30T18:46:28","slug":"ferette-explode-humilha-leonardo-e-poe-em-duvida-futura-sucessao","status":"publish","type":"post","link":"https:\/\/www.europesays.com\/pt\/170861\/","title":{"rendered":"Ferette explode, humilha Leonardo e p\u00f5e em d\u00favida futura sucess\u00e3o"},"content":{"rendered":"<p data-start=\"414\" data-end=\"923\">Nos pr\u00f3ximos cap\u00edtulos de <a href=\"https:\/\/natelinha.uol.com.br\/novelas\/tres-gracas\" rel=\"nofollow noopener\" target=\"_blank\">Tr\u00eas Gra\u00e7as<\/a>, a sucess\u00e3o de Ferette (<a href=\"https:\/\/natelinha.uol.com.br\/famosos\/tudo-sobre\/murilo-benicio\" rel=\"nofollow noopener\" target=\"_blank\">Murilo Ben\u00edcio<\/a>) na funda\u00e7\u00e3o ser\u00e1 colocada em d\u00favida ap\u00f3s o empres\u00e1rio reagir com irrita\u00e7\u00e3o ao comportamento de Leonardo (<a href=\"https:\/\/natelinha.uol.com.br\/famosos\/tudo-sobre\/pedro-novaes\" rel=\"nofollow noopener\" target=\"_blank\">Pedro Novaes<\/a>). O personagem entrar\u00e1 em uma espiral de tristeza profunda ao afirmar que n\u00e3o sabe lidar com o fato de Viviane (<a href=\"https:\/\/natelinha.uol.com.br\/famosos\/tudo-sobre\/gabriela-loran\" rel=\"nofollow noopener\" target=\"_blank\">Gabriela Loran<\/a>) ser uma mulher trans.<\/p>\n<p data-start=\"414\" data-end=\"923\">O estado do herdeiro provocar\u00e1 um atrito direto entre pai e filho e levantar\u00e1 questionamentos sobre sua capacidade de assumir o comando quando a transi\u00e7\u00e3o ocorrer. Leonardo ficar\u00e1 recluso no quarto, sem disposi\u00e7\u00e3o para trabalhar ou manter contato com os demais familiares.<\/p>\n<p data-start=\"414\" data-end=\"923\">+\u00a0<a href=\"https:\/\/natelinha.uol.com.br\/novelas\/2025\/11\/28\/tres-gracas-rogerio-volta-do-alem-e-pega-arminda-de-surpresa-234495.php\" target=\"_blank\" rel=\"noopener noreferrer nofollow\">Tr\u00eas Gra\u00e7as: Rog\u00e9rio volta do \u201cal\u00e9m\u201d e pega Arminda de surpresa<\/a><\/p>\n<p data-start=\"414\" data-end=\"923\">Afastado da rotina, ele deixar\u00e1 de tomar banho e n\u00e3o participar\u00e1 mais das atividades da funda\u00e7\u00e3o. A mudan\u00e7a ser\u00e1 percebida por Zenilda (<a href=\"https:\/\/natelinha.uol.com.br\/famosos\/tudo-sobre\/andreia-horta\" rel=\"nofollow noopener\" target=\"_blank\">Andr\u00e9ia Horta<\/a>), que demonstrar\u00e1 preocupa\u00e7\u00e3o ao afirmar que o filho estava deixando rastro por onde passava. A fala n\u00e3o surtir\u00e1 efeito, e o rapaz seguir\u00e1 sem reagir, refor\u00e7ando o isolamento.<\/p>\n<p data-start=\"1382\" data-end=\"1741\">O personagem evitar\u00e1 qualquer visita. Diante da possibilidade de receber X\u00eanica (<a href=\"https:\/\/natelinha.uol.com.br\/famosos\/tudo-sobre\/carla-marins\" rel=\"nofollow noopener\" target=\"_blank\">Carla Marins<\/a>), Leonardo reclamar\u00e1 que n\u00e3o tinha sossego nem dentro de casa e determinar\u00e1 que a empregada levasse os pap\u00e9is para serem assinados diretamente no quarto. A cena refor\u00e7ar\u00e1 sua recusa em lidar com quest\u00f5es externas, incluindo as responsabilidades ligadas ao trabalho.<\/p>\n<p>Ferette ser\u00e1 duro em Tr\u00eas Gra\u00e7as<\/p>\n<p><img decoding=\"async\" loading=\"lazy\" class=\"horizontal\" src=\"https:\/\/www.europesays.com\/pt\/wp-content\/uploads\/2025\/11\/tv-globo-tres-gracas-ferette-ameaca-leonardo_6553.jpeg\" alt=\"imagem-texto\"\/><\/p>\n<p data-start=\"1743\" data-end=\"2096\">Paralelamente, Viviane tamb\u00e9m aparecer\u00e1 abalada, mas decidida a n\u00e3o retomar o relacionamento. Em um flashback, ela surgir\u00e1 expulsando Leonardo da farm\u00e1cia, ordenando que ele desaparecesse de sua vida e voltasse para o que descreveu como um buraco escuro.<\/p>\n<p data-start=\"1743\" data-end=\"2096\">+\u00a0<a href=\"https:\/\/natelinha.uol.com.br\/famosos\/2025\/11\/28\/claudia-em-tres-gracas-atriz-pensou-que-nunca-faria-novelas-por-seu-tipo-de-beleza-234535.php\" target=\"_blank\" rel=\"noopener noreferrer nofollow\">Claudia em Tr\u00eas Gra\u00e7as, atriz pensou que nunca faria novelas por seu &#8220;tipo de beleza&#8221;<\/a><\/p>\n<p data-start=\"2098\" data-end=\"2721\" data-is-last-node=\"\" data-is-only-node=\"\">Enquanto Zenilda tenta lidar com a situa\u00e7\u00e3o, Ferette observar\u00e1 o decl\u00ednio do filho sem demonstrar compreens\u00e3o. O empres\u00e1rio questionar\u00e1 o motivo da tristeza do herdeiro e reagir\u00e1 com hostilidade. Afirmar\u00e1 que Leonardo era fresco demais e dir\u00e1 que, diante daquela postura, tinha d\u00favidas sobre sua capacidade de assumir a funda\u00e7\u00e3o no futuro.<\/p>\n<p><strong>Confira os resumos da semana das outras novelas:<\/strong><\/p>\n<p>O\u00a0<strong>NaTelinha<\/strong>\u00a0divulga todos os dias os resumos dos cap\u00edtulos, detalhes dos personagens, entrevistas exclusivas com o elenco e spoilers da novela Tr\u00eas Gra\u00e7as.<\/p>\n<p>continua depois da publicidade<\/p>\n<p><strong>Confira a abertura de Tr\u00eas Gra\u00e7as:\u00a0<\/strong><\/p>\n<p>                                <img decoding=\"async\" loading=\"lazy\" class=\"horizontal\" alt=\"Imagem da thumbnail do v\u00eddeo!\" src=\"https:\/\/www.europesays.com\/pt\/wp-content\/uploads\/2025\/10\/1761295702_715_hqdefault.jpg\"\/><\/p>\n","protected":false},"excerpt":{"rendered":"Nos pr\u00f3ximos cap\u00edtulos de Tr\u00eas Gra\u00e7as, a sucess\u00e3o de Ferette (Murilo Ben\u00edcio) na funda\u00e7\u00e3o ser\u00e1 colocada em d\u00favida&hellip;\n","protected":false},"author":2,"featured_media":170862,"comment_status":"","ping_status":"","sticky":false,"template":"","format":"standard","meta":{"footnotes":""},"categories":[142],"tags":[114,115,30704,32,33,35833,4376,151],"class_list":{"0":"post-170861","1":"post","2":"type-post","3":"status-publish","4":"format-standard","5":"has-post-thumbnail","7":"category-tv","8":"tag-entertainment","9":"tag-entretenimento","10":"tag-leo-tres-gracas","11":"tag-portugal","12":"tag-pt","13":"tag-santiago-ferette-tres-gracas","14":"tag-tres-gracas","15":"tag-tv"},"share_on_mastodon":{"url":"https:\/\/pubeurope.com\/@pt\/115640139340280643","error":""},"_links":{"self":[{"href":"https:\/\/www.europesays.com\/pt\/wp-json\/wp\/v2\/posts\/170861","targetHints":{"allow":["GET"]}}],"collection":[{"href":"https:\/\/www.europesays.com\/pt\/wp-json\/wp\/v2\/posts"}],"about":[{"href":"https:\/\/www.europesays.com\/pt\/wp-json\/wp\/v2\/types\/post"}],"author":[{"embeddable":true,"href":"https:\/\/www.europesays.com\/pt\/wp-json\/wp\/v2\/users\/2"}],"replies":[{"embeddable":true,"href":"https:\/\/www.europesays.com\/pt\/wp-json\/wp\/v2\/comments?post=170861"}],"version-history":[{"count":0,"href":"https:\/\/www.europesays.com\/pt\/wp-json\/wp\/v2\/posts\/170861\/revisions"}],"wp:featuredmedia":[{"embeddable":true,"href":"https:\/\/www.europesays.com\/pt\/wp-json\/wp\/v2\/media\/170862"}],"wp:attachment":[{"href":"https:\/\/www.europesays.com\/pt\/wp-json\/wp\/v2\/media?parent=170861"}],"wp:term":[{"taxonomy":"category","embeddable":true,"href":"https:\/\/www.europesays.com\/pt\/wp-json\/wp\/v2\/categories?post=170861"},{"taxonomy":"post_tag","embeddable":true,"href":"https:\/\/www.europesays.com\/pt\/wp-json\/wp\/v2\/tags?post=170861"}],"curies":[{"name":"wp","href":"https:\/\/api.w.org\/{rel}","templated":true}]}}