{"id":170939,"date":"2025-11-30T19:53:10","date_gmt":"2025-11-30T19:53:10","guid":{"rendered":"https:\/\/www.europesays.com\/pt\/170939\/"},"modified":"2025-11-30T19:53:10","modified_gmt":"2025-11-30T19:53:10","slug":"o-que-realmente-pode-acontecer","status":"publish","type":"post","link":"https:\/\/www.europesays.com\/pt\/170939\/","title":{"rendered":"o que realmente pode acontecer"},"content":{"rendered":"<p>O Sol est\u00e1 entrando no ponto mais explosivo do ciclo solar atual, e isso tem colocado o sistema tecnol\u00f3gico terrestre sob aten\u00e7\u00e3o m\u00e1xima. <a href=\"https:\/\/www.gizmodo.com.br\/a-nasa-quer-levar-seu-nome-ate-a-lua-e-isso-revela-algo-maior-sobre-o-futuro-da-exploracao-espacial-35507\" rel=\"nofollow noopener\" target=\"_blank\">A NASA e ag\u00eancias especializadas como a NOAA<\/a> (EUA) e o Centro de Meteorologia Espacial Europeu registraram nas \u00faltimas semanas um aumento significativo de atividade na superf\u00edcie solar. A explos\u00e3o mais recente, classificada como X2.7 \u2014 o n\u00edvel mais alto da escala \u2014 causou apag\u00f5es r\u00e1pidos nas comunica\u00e7\u00f5es de r\u00e1dio em v\u00e1rios pa\u00edses e exp\u00f4s o qu\u00e3o dependentes somos da estabilidade eletromagn\u00e9tica.<\/p>\n<p>Desde ent\u00e3o, a regi\u00e3o ativa <a href=\"https:\/\/www.gizmodo.com.br\/drones-se-consolidam-como-peca-central-da-guerra-moderna-em-2025-e-a-europa-reage-a-nova-ameaca-35596\" rel=\"nofollow noopener\" target=\"_blank\">do Sol continua liberando energia continuamente<\/a>. Observat\u00f3rios detectaram varia\u00e7\u00f5es bruscas na ionosfera, especialmente pr\u00f3ximo aos polos, o que aumenta a chance de uma tempestade solar mais severa. Por isso, especialistas refor\u00e7am a import\u00e2ncia do monitoramento cont\u00ednuo.<\/p>\n<p> <b>O risco existe \u2014 mas n\u00e3o h\u00e1 previs\u00e3o oficial de apag\u00e3o mundial<\/b> <img loading=\"lazy\" decoding=\"async\" class=\"size-full wp-image-33440\" src=\"https:\/\/www.europesays.com\/pt\/wp-content\/uploads\/2025\/11\/Untitled-design-20-1.jpg\" alt=\"O supercomputador mais poderoso da NASA viajou um bilh\u00e3o de anos ao futuro. E o que ele viu sobre o destino da Terra \u00e9 assustador\" width=\"1500\" height=\"1000\"  \/>\u00a9 NASA\/SDO\/SWNS. <\/p>\n<p>Nenhum relat\u00f3rio da NASA confirma um apag\u00e3o global. N\u00e3o h\u00e1 comunicado oficial que sugira que o planeta ficar\u00e1 \u00e0s escuras. O que os cientistas apontam \u00e9 a possibilidade de interfer\u00eancias significativas, dependendo<a href=\"https:\/\/www.gizmodo.com.br\/erupcao-no-japao-lanca-cinzas-a-4-km-e-paralisa-voos-em-kyushu-34122\" rel=\"nofollow noopener\" target=\"_blank\"> da intensidade das pr\u00f3ximas erup\u00e7\u00f5es.<\/a><\/p>\n<p>As tempestades mais preocupantes s\u00e3o as eye\u00e7\u00f5es de massa coronal (CME), capazes de lan\u00e7ar gigantescas nuvens de part\u00edculas carregadas em dire\u00e7\u00e3o \u00e0 Terra. Se atingirem nosso campo magn\u00e9tico com for\u00e7a suficiente, podem provocar:<\/p>\n<ul>\n<li style=\"font-weight: 400\">quedas tempor\u00e1rias de energia em regi\u00f5es isoladas <\/li>\n<li style=\"font-weight: 400\">danos a transformadores e redes el\u00e9tricas <\/li>\n<li style=\"font-weight: 400\">falhas em GPS, radares e navega\u00e7\u00e3o a\u00e9rea <\/li>\n<li style=\"font-weight: 400\">interrup\u00e7\u00e3o de comunica\u00e7\u00f5es via r\u00e1dio <\/li>\n<li style=\"font-weight: 400\">impacto direto em sat\u00e9lites e redes de internet <\/li>\n<\/ul>\n<p>O risco \u00e9 real, mas o efeito varia muito conforme a intensidade e o \u00e2ngulo de impacto. Uma tempestade forte pode causar apenas instabilidades \u2014 ou, no pior cen\u00e1rio, afetar parte do sistema el\u00e9trico global. Nada garante que isso acontecer\u00e1, mas tamb\u00e9m n\u00e3o pode ser descartado.<\/p>\n<p> <b>Per\u00edodo cr\u00edtico: entre final de maio e in\u00edcio de junho<\/b> <\/p>\n<p>Modelos solares indicam que o intervalo entre o fim de maio e os primeiros dias de junho ser\u00e1 o mais sens\u00edvel. Esse per\u00edodo coincide com o pico de atividade das manchas solares voltadas para a Terra.<\/p>\n<p>Se uma nova explos\u00e3o ocorrer durante essa janela, especialmente de magnitude igual ou superior \u00e0 X2.7 j\u00e1 registrada, <a href=\"https:\/\/www.gizmodo.com.br\/o-dna-dos-gatos-revela-uma-viagem-que-atravessou-continentes-35392\" rel=\"nofollow noopener\" target=\"_blank\">o impacto pode ser sentido simultaneamente em diversos continentes<\/a>. Nesse caso, a probabilidade de interrup\u00e7\u00f5es tecnol\u00f3gicas aumenta.<\/p>\n<p>Vale destacar: tempestades solares intensas n\u00e3o s\u00e3o in\u00e9ditas. A mais famosa \u00e9 o Evento Carrington (1859), que queimou tel\u00e9grafos e produziu auroras percept\u00edveis at\u00e9 nos tr\u00f3picos. Hoje, com internet, sat\u00e9lites e redes el\u00e9tricas interligadas, os efeitos seriam incomparavelmente maiores \u2014 e por isso o alerta cient\u00edfico \u00e9 levado t\u00e3o a s\u00e9rio.<\/p>\n<p> <b>O que est\u00e1 sendo feito \u2014 e como a popula\u00e7\u00e3o deve agir<\/b> <\/p>\n<p>Observat\u00f3rios monitoram o Sol em tempo real e emitem alertas com anteced\u00eancia sempre que uma CME \u00e9 detectada. Ainda que o risco de grandes danos exista, o objetivo \u00e9 antecipar impactos e proteger infraestrutura cr\u00edtica.<\/p>\n<p>Medidas recomendadas por especialistas incluem:<\/p>\n<ul>\n<li style=\"font-weight: 400\">acompanhar boletins oficiais da NASA, NOAA e ESA <\/li>\n<li style=\"font-weight: 400\">evitar p\u00e2nico e desinforma\u00e7\u00e3o nas redes sociais <\/li>\n<li style=\"font-weight: 400\">refor\u00e7ar prote\u00e7\u00e3o de equipamentos el\u00e9tricos sens\u00edveis <\/li>\n<li style=\"font-weight: 400\">preparar planos de conting\u00eancia para poss\u00edveis falhas tempor\u00e1rias <\/li>\n<\/ul>\n<p>O alerta cient\u00edfico n\u00e3o pede medo \u2014 pede aten\u00e7\u00e3o.<\/p>\n<p>A atividade solar est\u00e1 acima do esperado, e as pr\u00f3ximas semanas ser\u00e3o decisivas para entender o alcance dessa fase do ciclo. Um apag\u00e3o mundial n\u00e3o \u00e9 inevit\u00e1vel, mas o risco de perturba\u00e7\u00f5es tecnol\u00f3gicas \u00e9 concreto e monitorado de perto.<\/p>\n<p>O Sol est\u00e1 mais inquieto \u2014 e o planeta est\u00e1 observando.<\/p>\n<p>\u00a0<\/p>\n<p>[ Fonte: <a href=\"https:\/\/diariosanrafael.com.ar\/\" rel=\"nofollow noopener\" target=\"_blank\">Diario San Rafael <\/a>]<\/p>\n<p>\u00a0<\/p>\n","protected":false},"excerpt":{"rendered":"O Sol est\u00e1 entrando no ponto mais explosivo do ciclo solar atual, e isso tem colocado o sistema&hellip;\n","protected":false},"author":2,"featured_media":170940,"comment_status":"","ping_status":"","sticky":false,"template":"","format":"standard","meta":{"footnotes":""},"categories":[84],"tags":[109,107,108,32,33,105,103,104,106,110],"class_list":{"0":"post-170939","1":"post","2":"type-post","3":"status-publish","4":"format-standard","5":"has-post-thumbnail","7":"category-ciencia-e-tecnologia","8":"tag-ciencia","9":"tag-ciencia-e-tecnologia","10":"tag-cienciaetecnologia","11":"tag-portugal","12":"tag-pt","13":"tag-science","14":"tag-science-and-technology","15":"tag-scienceandtechnology","16":"tag-technology","17":"tag-tecnologia"},"share_on_mastodon":{"url":"https:\/\/pubeurope.com\/@pt\/115640402444292542","error":""},"_links":{"self":[{"href":"https:\/\/www.europesays.com\/pt\/wp-json\/wp\/v2\/posts\/170939","targetHints":{"allow":["GET"]}}],"collection":[{"href":"https:\/\/www.europesays.com\/pt\/wp-json\/wp\/v2\/posts"}],"about":[{"href":"https:\/\/www.europesays.com\/pt\/wp-json\/wp\/v2\/types\/post"}],"author":[{"embeddable":true,"href":"https:\/\/www.europesays.com\/pt\/wp-json\/wp\/v2\/users\/2"}],"replies":[{"embeddable":true,"href":"https:\/\/www.europesays.com\/pt\/wp-json\/wp\/v2\/comments?post=170939"}],"version-history":[{"count":0,"href":"https:\/\/www.europesays.com\/pt\/wp-json\/wp\/v2\/posts\/170939\/revisions"}],"wp:featuredmedia":[{"embeddable":true,"href":"https:\/\/www.europesays.com\/pt\/wp-json\/wp\/v2\/media\/170940"}],"wp:attachment":[{"href":"https:\/\/www.europesays.com\/pt\/wp-json\/wp\/v2\/media?parent=170939"}],"wp:term":[{"taxonomy":"category","embeddable":true,"href":"https:\/\/www.europesays.com\/pt\/wp-json\/wp\/v2\/categories?post=170939"},{"taxonomy":"post_tag","embeddable":true,"href":"https:\/\/www.europesays.com\/pt\/wp-json\/wp\/v2\/tags?post=170939"}],"curies":[{"name":"wp","href":"https:\/\/api.w.org\/{rel}","templated":true}]}}