{"id":170943,"date":"2025-11-30T19:55:18","date_gmt":"2025-11-30T19:55:18","guid":{"rendered":"https:\/\/www.europesays.com\/pt\/170943\/"},"modified":"2025-11-30T19:55:18","modified_gmt":"2025-11-30T19:55:18","slug":"o-sucessor-de-donald-trump-pode-ser-donald-trump-jr","status":"publish","type":"post","link":"https:\/\/www.europesays.com\/pt\/170943\/","title":{"rendered":"O sucessor de Donald Trump pode ser&#8230; Donald Trump Jr."},"content":{"rendered":"<p class=\"wp-caption-text top\"><a href=\"https:\/\/www.flickr.com\/photos\/gageskidmore\/49564560337\/sizes\/l\/\" rel=\"nofollow external noopener noreferrer\" data-wpel-link=\"external\" target=\"_blank\" class=\"ext-link\">Gage Skidmore \/ Flickr <\/a><\/p>\n<p><img decoding=\"async\" loading=\"lazy\" class=\"size-kopa-image-size-3 wp-image-714386\" src=\"https:\/\/www.europesays.com\/pt\/wp-content\/uploads\/2025\/11\/5659861c6c8ed4848882f20cbc3d8f4b-783x450.jpg\" alt=\"\" width=\"700\" height=\"402\"  \/><\/p>\n<p class=\"wp-caption-text bot\">Donald Trump Jr.<\/p>\n<p><strong>O nome de Donald Trump Jr. come\u00e7a a ganhar alguma for\u00e7a como potencial candidato republicano \u00e0s presidenciais de 2028.<\/strong><\/p>\n<p>O filho mais velho de Donald Trump e vice-presidente executivo da Trump Organization,<strong> Donald Trump Jr.<\/strong>,\u00a0 est\u00e1 rapidamente a afirmar-se como uma das <strong>principais figuras na corrida<\/strong> para suceder ao pai na lideran\u00e7a do Partido Republicano \u2014 e na presid\u00eancia dos EUA.<\/p>\n<p>Segundo o <a href=\"https:\/\/www.independent.co.uk\/news\/world\/americas\/us-politics\/donald-trump-jr-presidential-run-vance-b2874488.html\" data-wpel-link=\"external\" target=\"_blank\" rel=\"nofollow external noopener noreferrer\" class=\"ext-link\">The Independent<\/a>, sondagens recentes apontam que Trump Jr. se est\u00e1 a <strong>aproximar do vice-presidente JD Vance<\/strong>, atualmente o favorito para conquistar a nomea\u00e7\u00e3o republicana em 2028.<\/p>\n<p>Segundo uma sondagem recentemente divulgada, conduzida pela McLaughlin and Associates, a <strong>popularidade de JD Vance desceu para 34%<\/strong>, enquanto a de Trump Jr. tem vindo a <strong>subir de forma consistente<\/strong>, ficando agora a apenas 10 pontos do vice-presidente num cen\u00e1rio hipot\u00e9tico com 16 candidatos \u2014\u00a0 onde figuram nomes conhecidos como Marco Rubio, Nikki Haley e Ron DeSantis.<\/p>\n<p>Este cen\u00e1rio representa uma<strong> mudan\u00e7a significativa em rela\u00e7\u00e3o a agosto<\/strong>, altura em que <strong>Vance liderava com uma vantagem de 20 pontos<\/strong> sobre Trump Jr., sugerindo que o legado da fam\u00edlia Trump continua a exercer influ\u00eancia junto do eleitorado republicano.<\/p>\n<p><strong>Trump Jr. teve um papel determinante na escolha de Vance<\/strong> como candidato a vice-presidente nas elei\u00e7\u00f5es de 2024, <strong>mas surge agora como um rival<\/strong> de peso para a corrida de 2028.<\/p>\n<p>Contudo, <strong>nem todas as sondagens convergem<\/strong> nestas conclus\u00f5es. Um inqu\u00e9rito distinto, realizado pela YouGov no in\u00edcio de novembro, atribui a Vance uma vantagem bastante superior, de <strong>42% face a 13%<\/strong> de Trump Jr., o que demonstra que, embora Trump Jr. tenha uma base s\u00f3lida de apoiantes, o seu apelo junto de um<strong> eleitorado mais vasto<\/strong> pode ser mais limitado.<\/p>\n<p>Apesar de nunca ter ocupado cargos p\u00fablicos, <strong>Trump Jr. \u00e9 um dos favoritos<\/strong> do movimento \u201cMake America Great Again\u201d (MAGA).<\/p>\n<p>\u00c9 conhecido pela sua capacidade de <strong>mobilizar multid\u00f5es em com\u00edcios<\/strong>, por defender energicamente a administra\u00e7\u00e3o Trump nos canais noticiosos e por criticar abertamente os democratas no seu podcast, \u201c<a href=\"https:\/\/www.podchaser.com\/podcasts\/triggered-with-don-jr-5090191\" data-wpel-link=\"external\" target=\"_blank\" rel=\"nofollow external noopener noreferrer\" class=\"ext-link\">Triggered<\/a>\u201d.<\/p>\n<p>O seu <strong>estatuto de outside<\/strong>r \u2014 n\u00e3o estando manchado pela pol\u00edtica de Washington \u2014 <strong>refor\u00e7a o seu apelo junto da ala populista<\/strong> do Partido Republicano.<\/p>\n<p>Nascido a 31 de dezembro de 1977, filho de Donald Trump e<strong> Ivana Trump<\/strong>, antiga modelo e imigrante checa, Donald Jr. passou v\u00e1rios ver\u00f5es na Rep\u00fablica Checa com o av\u00f4, tendo desenvolvido uma <strong>paix\u00e3o pela natureza que o distingue<\/strong> dos irm\u00e3os.<\/p>\n<p>Frequentou <strong>escolas de elite<\/strong> antes de se licenciar pela Wharton School da Universidade da Pensilv\u00e2nia, em 2000. Ap\u00f3s um curto per\u00edodo de distanciamento do pai, motivado pelo div\u00f3rcio dos pais, Trump Jr. <strong>entrou no neg\u00f3cio da fam\u00edlia<\/strong> e tornou-se presen\u00e7a habitual no programa \u201cThe Apprentice\u201d.<\/p>\n<p>Trump Jr. foi casado com <strong>Vanessa Haydon<\/strong> entre 2005 e 2018, com quem tem cinco filhos. A sua vida pessoal tem sido frequentemente alvo da aten\u00e7\u00e3o medi\u00e1tica, incluindo rela\u00e7\u00f5es com Kimberly Guilfoyle e Bettina Anderson.<\/p>\n<p>Ao longo da carreira pol\u00edtica do pai, Trump Jr. destacou-se como uma figura de relevo, <strong>por vezes envolta em pol\u00e9mica<\/strong>, desde a participa\u00e7\u00e3o na controversa reuni\u00e3o com uma advogada russa na Trump Tower, em 2016, \u00e0 dissemina\u00e7\u00e3o de teorias da conspira\u00e7\u00e3o e \u00e0 <strong>suspens\u00e3o tempor\u00e1ria das redes sociai<\/strong>s durante a pandemia.<\/p>\n<p>Desde a elei\u00e7\u00e3o do pai para um segundo mandato, Trump Jr. assumiu um papel <strong>mais discreto nos bastidores<\/strong>, tendo ajudado a definir a equipa de transi\u00e7\u00e3o e defendido <strong>nomea\u00e7\u00f5es como as de Tulsi Gabbard e RFK Jr.<\/strong><\/p>\n<p>Estrategas republicanos, como <strong>Scott Jennings<\/strong>, consideram que Trump Jr. <strong>representa o esp\u00edrito audaz e anti-establishment<\/strong> do atual Partido Republicano.<\/p>\n<p>Embora Trump Jr. tenha <strong>negado publicamente ter inten\u00e7\u00f5es de se candidatar<\/strong> em 2028, intensifica-se a especula\u00e7\u00e3o em torno das suas ambi\u00e7\u00f5es presidenciais. Em maio, no Qatar Economic Forum, <strong>deixou a porta entreaberta<\/strong>: \u201cesse apelo existe\u2026 <strong>talvez um dia<\/strong>\u201d.<\/p>\n<p>\u00c0 medida que 2028 se aproxima, cresce a expectativa sobre se Donald Trump Jr. avan\u00e7ar\u00e1, ou n\u00e3o, com a sua pr\u00f3pria candidatura \u00e0 Casa Branca \u2014 naturalmente, caso o pai n\u00e3o insista na ideia de que pode fintar a constitui\u00e7\u00e3o dos EUA e <a href=\"https:\/\/zap.aeiou.pt\/trump-terceiro-mandato-eua-668789\" data-wpel-link=\"internal\" rel=\"nofollow noopener\" target=\"_blank\">candidatar-se a um terceiro mandato<\/a>.<\/p>\n<p>    <a href=\"https:\/\/zap.aeiou.pt\/subscrever-newsletter\" data-wpel-link=\"internal\" rel=\"nofollow noopener\" target=\"_blank\">&#13;<br \/>\n        <img loading=\"lazy\" decoding=\"async\" class=\"aligncenter size-full wp-image-575475\" src=\"https:\/\/www.europesays.com\/pt\/wp-content\/uploads\/2025\/11\/2d51fe4a0ba54894421ead1809309ed9-1-450x140.jpg\" alt=\"Subscreva a Newsletter ZAP\" width=\"450\" height=\"140\"\/>&#13;<br \/>\n    <\/a><\/p>\n<p>                <a href=\"https:\/\/whatsapp.com\/channel\/0029VaIC4EE2f3EJZPPSbR34\" data-wpel-link=\"external\" target=\"_blank\" rel=\"nofollow external noopener noreferrer\" class=\"ext-link\">&#13;<br \/>\n                    <img loading=\"lazy\" decoding=\"async\" class=\"aligncenter size-full wp-image-575475\" src=\"https:\/\/www.europesays.com\/pt\/wp-content\/uploads\/2025\/11\/c68c559d956d4ca20f435ed74a6e71e6.png\" alt=\"Siga-nos no WhatsApp\" width=\"175\" height=\"64\"\/>&#13;<br \/>\n                <\/a><\/p>\n<p>                <a href=\"https:\/\/news.google.com\/publications\/CAAiEHRwZondIV71PDjWNoqMduEqFAgKIhB0cGaJ3SFe9Tw41jaKjHbh?hl=en-US&amp;gl=US&amp;ceid=US%3Aen\" data-wpel-link=\"external\" target=\"_blank\" rel=\"nofollow external noopener noreferrer\" class=\"ext-link\">&#13;<br \/>\n                    <img loading=\"lazy\" decoding=\"async\" class=\"aligncenter size-full wp-image-575475\" src=\"https:\/\/www.europesays.com\/pt\/wp-content\/uploads\/2025\/11\/5123dd8b087b644fdb8f8603acd1bad4.png\" alt=\"Siga-nos no Google News\" width=\"176\" height=\"64\"\/>&#13;<br \/>\n                <\/a><\/p>\n","protected":false},"excerpt":{"rendered":"Gage Skidmore \/ Flickr Donald Trump Jr. O nome de Donald Trump Jr. come\u00e7a a ganhar alguma for\u00e7a&hellip;\n","protected":false},"author":2,"featured_media":170944,"comment_status":"","ping_status":"","sticky":false,"template":"","format":"standard","meta":{"footnotes":""},"categories":[50],"tags":[27,28,2258,413,15,16,14,25,26,21,22,62,12,13,19,20,4007,23,24,17,18,29,30,31,63,64,65],"class_list":{"0":"post-170943","1":"post","2":"type-post","3":"status-publish","4":"format-standard","5":"has-post-thumbnail","7":"category-mundo","8":"tag-breaking-news","9":"tag-breakingnews","10":"tag-eleicoes","11":"tag-eua","12":"tag-featured-news","13":"tag-featurednews","14":"tag-headlines","15":"tag-latest-news","16":"tag-latestnews","17":"tag-main-news","18":"tag-mainnews","19":"tag-mundo","20":"tag-news","21":"tag-noticias","22":"tag-noticias-principais","23":"tag-noticiasprincipais","24":"tag-politica-internacional","25":"tag-principais-noticias","26":"tag-principaisnoticias","27":"tag-top-stories","28":"tag-topstories","29":"tag-ultimas","30":"tag-ultimas-noticias","31":"tag-ultimasnoticias","32":"tag-world","33":"tag-world-news","34":"tag-worldnews"},"share_on_mastodon":{"url":"https:\/\/pubeurope.com\/@pt\/115640410252586392","error":""},"_links":{"self":[{"href":"https:\/\/www.europesays.com\/pt\/wp-json\/wp\/v2\/posts\/170943","targetHints":{"allow":["GET"]}}],"collection":[{"href":"https:\/\/www.europesays.com\/pt\/wp-json\/wp\/v2\/posts"}],"about":[{"href":"https:\/\/www.europesays.com\/pt\/wp-json\/wp\/v2\/types\/post"}],"author":[{"embeddable":true,"href":"https:\/\/www.europesays.com\/pt\/wp-json\/wp\/v2\/users\/2"}],"replies":[{"embeddable":true,"href":"https:\/\/www.europesays.com\/pt\/wp-json\/wp\/v2\/comments?post=170943"}],"version-history":[{"count":0,"href":"https:\/\/www.europesays.com\/pt\/wp-json\/wp\/v2\/posts\/170943\/revisions"}],"wp:featuredmedia":[{"embeddable":true,"href":"https:\/\/www.europesays.com\/pt\/wp-json\/wp\/v2\/media\/170944"}],"wp:attachment":[{"href":"https:\/\/www.europesays.com\/pt\/wp-json\/wp\/v2\/media?parent=170943"}],"wp:term":[{"taxonomy":"category","embeddable":true,"href":"https:\/\/www.europesays.com\/pt\/wp-json\/wp\/v2\/categories?post=170943"},{"taxonomy":"post_tag","embeddable":true,"href":"https:\/\/www.europesays.com\/pt\/wp-json\/wp\/v2\/tags?post=170943"}],"curies":[{"name":"wp","href":"https:\/\/api.w.org\/{rel}","templated":true}]}}