{"id":170951,"date":"2025-11-30T20:00:09","date_gmt":"2025-11-30T20:00:09","guid":{"rendered":"https:\/\/www.europesays.com\/pt\/170951\/"},"modified":"2025-11-30T20:00:09","modified_gmt":"2025-11-30T20:00:09","slug":"baiano-viraliza-na-internet-ao-abordar-desconhecidos-na-rua-para-sessao-de-fotos","status":"publish","type":"post","link":"https:\/\/www.europesays.com\/pt\/170951\/","title":{"rendered":"Baiano viraliza na internet ao abordar desconhecidos na rua para sess\u00e3o de fotos"},"content":{"rendered":"<p>\u201cPosso tirar uma foto sua?\u201d. Foi com essa simples abordagem que o baiano <strong>Roberto Lu\u00eds de Oliveira Costa<\/strong>, 34 anos, viralizou nas redes sociais ao publicar v\u00eddeos em que fotografa desconhecidos nas ruas de Salvador. Depois de aceitar o convite, cada pessoa participa de uma breve entrevista, fala sobre a pr\u00f3pria apar\u00eancia e arrisca a nota \u2014 de 0 a 10 \u2014 que acredita que os seguidores dar\u00e3o para as fotos.<\/p>\n<p>Um dos v\u00eddeos de maior repercuss\u00e3o foi o da vendedora de cons\u00f3rcios <strong>Samanta<\/strong>, 34 anos, abordada durante o intervalo de almo\u00e7o. Publicado em abril de 2024, o conte\u00fado ultrapassou <strong>11,4 milh\u00f5es de visualiza\u00e7\u00f5es<\/strong> at\u00e9 esta sexta-feira (28). Somando todas as plataformas, Roberto j\u00e1 acumula mais de <strong>30 milh\u00f5es de views mensais<\/strong>, al\u00e9m de mais de <strong>750 mil seguidores<\/strong> apenas em um de seus perfis.<\/p>\n<p>Antes do novo formato viral, o fot\u00f3grafo j\u00e1 se destacava ao ensinar t\u00e9cnicas de fotografia com c\u00e2mera profissional e celular. Com mais de 10 anos de carreira, ele \u00e9 especializado em fotografia de casamento e possui pr\u00eamios internacionais na \u00e1rea.<\/p>\n<p><strong>Do aquarismo \u00e0 fotografia<\/strong><\/p>\n<p>Nascido em S\u00e3o F\u00e9lix e criado em Muritiba, no Rec\u00f4ncavo baiano, Roberto j\u00e1 foi fuzileiro naval e dono de uma loja de aquarismo. A fotografia entrou em sua vida quando descobriu que seria pai. Movido pelo desejo de registrar a gesta\u00e7\u00e3o, decidiu comprar uma c\u00e2mera e se especializar. Ao publicar as imagens nas redes sociais, come\u00e7ou a receber elogios e pedidos de indica\u00e7\u00e3o \u2014 e percebeu que havia ali uma oportunidade.<\/p>\n<p>Em dois meses, a fotografia j\u00e1 rendia mais que a loja. Ele decidiu, ent\u00e3o, dedicar-se integralmente ao novo of\u00edcio.<\/p>\n<p><strong>A virada em Salvador<\/strong><\/p>\n<p>Roberto conquistou cerca de 80 mil seguidores ainda no interior. Mas foi ao se mudar para Salvador que viu seu trabalho ganhar dimens\u00e3o nacional. A adapta\u00e7\u00e3o, por\u00e9m, n\u00e3o foi simples. \u201cO mercado de eventos \u00e9 muito fechado. Quem est\u00e1 fora da bolha n\u00e3o consegue trabalhar\u201d, relembra.<\/p>\n<p>Sem demanda, ele decidiu mostrar seu talento na rua \u2014 e encontrou no formato das abordagens espont\u00e2neas um novo caminho. \u201cSempre fui desenrolado. Conversar com as pessoas e conhecer suas hist\u00f3rias se tornou natural\u201d, conta.<\/p>\n<p><strong>Hist\u00f3rias que ganham alcance<\/strong><\/p>\n<p>Segundo Roberto, muitos dos retratados passaram a relatar mudan\u00e7as significativas ap\u00f3s a divulga\u00e7\u00e3o das fotos. \u201cTem gente que ganhou 70 mil seguidores, gente promovida no trabalho, gente que virou modelo profissional. \u00c9 muito legal ver isso acontecer\u201d, celebra.<\/p>\n<p>Os impactos, por\u00e9m, v\u00e3o al\u00e9m da visibilidade. \u201cMuitas pessoas estavam passando por depress\u00e3o ou n\u00e3o conseguiam enxergar a pr\u00f3pria beleza. Acabou virando um trabalho que, al\u00e9m de me promover, tamb\u00e9m promove outras pessoas\u201d, destaca.<\/p>\n<p>A fotografia tamb\u00e9m transformou sua pr\u00f3pria hist\u00f3ria. \u201cEu n\u00e3o tive pai, minha m\u00e3e criou eu e meu irm\u00e3o sozinha, e a gente passou por muita priva\u00e7\u00e3o. Com a fotografia, consegui mudar a vida da minha fam\u00edlia\u201d, afirma.<\/p>\n<p><strong>Planos para o futuro<\/strong><\/p>\n<p>Agora, Roberto pretende investir na cria\u00e7\u00e3o de cursos virtuais para apoiar fot\u00f3grafos iniciantes e pessoas interessadas em ingressar no mercado. \u201cQuero ajudar quem est\u00e1 come\u00e7ando, assim como um dia eu precisei aprender\u201d, diz.<\/p>\n<p>\u00a0<\/p>\n","protected":false},"excerpt":{"rendered":"\u201cPosso tirar uma foto sua?\u201d. Foi com essa simples abordagem que o baiano Roberto Lu\u00eds de Oliveira Costa,&hellip;\n","protected":false},"author":2,"featured_media":170952,"comment_status":"","ping_status":"","sticky":false,"template":"","format":"standard","meta":{"footnotes":""},"categories":[144],"tags":[207,205,206,203,201,202,204,114,115,32,33],"class_list":{"0":"post-170951","1":"post","2":"type-post","3":"status-publish","4":"format-standard","5":"has-post-thumbnail","7":"category-arte-e-design","8":"tag-arte","9":"tag-arte-e-design","10":"tag-artedesign","11":"tag-arts","12":"tag-arts-and-design","13":"tag-artsanddesign","14":"tag-design","15":"tag-entertainment","16":"tag-entretenimento","17":"tag-portugal","18":"tag-pt"},"share_on_mastodon":{"url":"https:\/\/pubeurope.com\/@pt\/115640429649680727","error":""},"_links":{"self":[{"href":"https:\/\/www.europesays.com\/pt\/wp-json\/wp\/v2\/posts\/170951","targetHints":{"allow":["GET"]}}],"collection":[{"href":"https:\/\/www.europesays.com\/pt\/wp-json\/wp\/v2\/posts"}],"about":[{"href":"https:\/\/www.europesays.com\/pt\/wp-json\/wp\/v2\/types\/post"}],"author":[{"embeddable":true,"href":"https:\/\/www.europesays.com\/pt\/wp-json\/wp\/v2\/users\/2"}],"replies":[{"embeddable":true,"href":"https:\/\/www.europesays.com\/pt\/wp-json\/wp\/v2\/comments?post=170951"}],"version-history":[{"count":0,"href":"https:\/\/www.europesays.com\/pt\/wp-json\/wp\/v2\/posts\/170951\/revisions"}],"wp:featuredmedia":[{"embeddable":true,"href":"https:\/\/www.europesays.com\/pt\/wp-json\/wp\/v2\/media\/170952"}],"wp:attachment":[{"href":"https:\/\/www.europesays.com\/pt\/wp-json\/wp\/v2\/media?parent=170951"}],"wp:term":[{"taxonomy":"category","embeddable":true,"href":"https:\/\/www.europesays.com\/pt\/wp-json\/wp\/v2\/categories?post=170951"},{"taxonomy":"post_tag","embeddable":true,"href":"https:\/\/www.europesays.com\/pt\/wp-json\/wp\/v2\/tags?post=170951"}],"curies":[{"name":"wp","href":"https:\/\/api.w.org\/{rel}","templated":true}]}}