{"id":171001,"date":"2025-11-30T20:34:49","date_gmt":"2025-11-30T20:34:49","guid":{"rendered":"https:\/\/www.europesays.com\/pt\/171001\/"},"modified":"2025-11-30T20:34:49","modified_gmt":"2025-11-30T20:34:49","slug":"norris-acusa-verstappen-de-conversa-da-treta-na-disputa-pelo-titulo-f1","status":"publish","type":"post","link":"https:\/\/www.europesays.com\/pt\/171001\/","title":{"rendered":"Norris acusa Verstappen de \u201cconversa da treta\u201d na disputa pelo t\u00edtulo F1"},"content":{"rendered":"<p>\t\t\t<a href=\"https:\/\/www.autosport.pt\" rel=\"nofollow noopener\" target=\"_blank\">Home<\/a>  \u00a0 &gt; \u00a0  <a href=\"https:\/\/www.autosport.pt\/cat\/destaque-homepage\/\" rel=\"nofollow noopener\" target=\"_blank\">Destaque Homepage<\/a>  \u00a0 &gt; \u00a0  Norris acusa Verstappen de \u201cconversa da treta\u201d na disputa pelo t\u00edtulo F1<\/p>\n<p>\t\t\t\tPor <a href=\"https:\/\/www.autosport.pt\/author\/jose-luis-abreu\/\" title=\"Artigos de Jos\u00e9 Luis Abreu\" rel=\"author nofollow noopener\" target=\"_blank\">Jos\u00e9 Luis Abreu<\/a> a 30 Novembro 2025 11:24<\/p>\n<p>\t\t\t\t\t<img width=\"868\" height=\"579\" data-lazy-type=\"image\" src=\"https:\/\/www.europesays.com\/pt\/wp-content\/uploads\/2025\/11\/verstappen-norris-f1-2025-2.jpg\" class=\"lazy lazy-hidden attachment-single-img size-single-img wp-post-image\" alt=\"\" decoding=\"async\" fetchpriority=\"high\"\/>\t\t\t\t<\/p>\n<p>Lando Norris (McLaren) rebateu com ironia as declara\u00e7\u00f5es de Max Verstappen (Red Bull), que alegou que, com o carro dominante da McLaren em 2025, j\u00e1 teria selado o t\u00edtulo h\u00e1 meses \u2013 \u201c\u00c9 conversa da treta\u201d, atirou o l\u00edder do Mundial, que tem 22 pontos de avan\u00e7o para Oscar Piastri e 25 do tetracampe\u00e3o, Max Verstappen, antes do decisivo GP do Qatar de F1.<\/p>\n<p>A equipa de Woking \u2018trucidou\u2019 os rivais, garantindo o Mundial de Construtores em Singapura com seis rondas ainda por disputar e mais de 330 pontos de margem sobre Mercedes e Red Bull. Mas nos pilotos, Oscar Piastri \u2018desmoronou-se\u2019 p\u00f3s-Europa, invertendo lideran\u00e7as e mantendo Max Verstappen \u2018vivo\u2019 apesar do carro claramente inferior. A vit\u00f3ria de Norris em Lusail pode selar o ceptro mas pole de Piastri e arranque que se prev\u00ea ca\u00f3tico, complicam.\u200b<\/p>\n<p>\u201cMax ganhou quatro t\u00edtulos, merece falar \u2013 mas h\u00e1 coisas de que n\u00e3o percebe. \u00c9 o estilo Red Bull: agressivo, a dizer disparates, tretas. Cabe\u00e7a baixa e foco, \u00e9 o que n\u00f3s fazemos\u201d, ironizou Norris ap\u00f3s a corrida Sprint (P3 \u00e0 frente de Verstappen). Para o neerland\u00eas: \u201cCinco \u00e9 melhor que quatro. Estamos vivos por falhas alheias, n\u00e3o pelo nosso carro \u2013 com dom\u00ednio McLaren, t\u00edtulo acabava cedo.\u201d\u200b<\/p>\n<p><strong>FOTO Getty Images \/ Red Bull Content Pool<\/strong><\/p>\n<p>\t\t\tCaro leitor, esta \u00e9 uma mensagem importante.<br \/>\n                        O Autosport j\u00e1 n\u00e3o existe em vers\u00e3o papel, apenas na vers\u00e3o online.<br \/>\n                        E por essa raz\u00e3o, n\u00e3o \u00e9 mais poss\u00edvel o Autosport continuar a disponibilizar todos os seus artigos gratuitamente.<br \/>\n                        Para que os leitores possam contribuir para a exist\u00eancia e evolu\u00e7\u00e3o da qualidade do seu site preferido, cri\u00e1mos o Clube Autosport com in\u00fameras vantagens e descontos que permitir\u00e1 a cada membro aceder a todos os artigos do site Autosport e ainda recuperar (varias vezes) o custo de ser membro.<br \/>\nOs membros do Clube Autosport receber\u00e3o um cart\u00e3o de membro com validade de 1 ano, que apresentar\u00e3o junto das empresas parceiras como identifica\u00e7\u00e3o.<br \/>\nLista de Vantagens:<br \/>\n-Acesso a todos os conte\u00fados no site Autosport sem ter que ver a publicidade<br \/>\n-Desconto nos combust\u00edveis Repsol <br \/>\n-Acesso a seguros especialmente desenvolvidos pela Vitorinos seguros a pre\u00e7os imbat\u00edveis<br \/>\n-Descontos em oficinas, lojas e servi\u00e7os auto<br \/>\n-Acesso exclusivo a eventos especialmente organizados para membros<br \/>\n<a style=\"color:#e30713; font-weight: bold;\" href=\"https:\/\/www.clubeautosport.pt\/faca-se-membro\/\" target=\"_blank\" rel=\"nofollow noopener\">Saiba mais AQUI<\/a><\/p>\n<p>&#13;<br \/>\n                        Continuar a ler&#13;\n                <\/p>\n","protected":false},"excerpt":{"rendered":"Home \u00a0 &gt; \u00a0 Destaque Homepage \u00a0 &gt; \u00a0 Norris acusa Verstappen de \u201cconversa da treta\u201d na disputa&hellip;\n","protected":false},"author":2,"featured_media":171002,"comment_status":"","ping_status":"","sticky":false,"template":"","format":"standard","meta":{"footnotes":""},"categories":[87],"tags":[135,1162,970,971,5020,1750,718,32,33,134],"class_list":{"0":"post-171001","1":"post","2":"type-post","3":"status-publish","4":"format-standard","5":"has-post-thumbnail","7":"category-desporto","8":"tag-desporto","9":"tag-destaque-homepage","10":"tag-f1","11":"tag-formula-1","12":"tag-lando-norris","13":"tag-max-verstappen","14":"tag-newsletter","15":"tag-portugal","16":"tag-pt","17":"tag-sports"},"share_on_mastodon":{"url":"https:\/\/pubeurope.com\/@pt\/115640567502319765","error":""},"_links":{"self":[{"href":"https:\/\/www.europesays.com\/pt\/wp-json\/wp\/v2\/posts\/171001","targetHints":{"allow":["GET"]}}],"collection":[{"href":"https:\/\/www.europesays.com\/pt\/wp-json\/wp\/v2\/posts"}],"about":[{"href":"https:\/\/www.europesays.com\/pt\/wp-json\/wp\/v2\/types\/post"}],"author":[{"embeddable":true,"href":"https:\/\/www.europesays.com\/pt\/wp-json\/wp\/v2\/users\/2"}],"replies":[{"embeddable":true,"href":"https:\/\/www.europesays.com\/pt\/wp-json\/wp\/v2\/comments?post=171001"}],"version-history":[{"count":0,"href":"https:\/\/www.europesays.com\/pt\/wp-json\/wp\/v2\/posts\/171001\/revisions"}],"wp:featuredmedia":[{"embeddable":true,"href":"https:\/\/www.europesays.com\/pt\/wp-json\/wp\/v2\/media\/171002"}],"wp:attachment":[{"href":"https:\/\/www.europesays.com\/pt\/wp-json\/wp\/v2\/media?parent=171001"}],"wp:term":[{"taxonomy":"category","embeddable":true,"href":"https:\/\/www.europesays.com\/pt\/wp-json\/wp\/v2\/categories?post=171001"},{"taxonomy":"post_tag","embeddable":true,"href":"https:\/\/www.europesays.com\/pt\/wp-json\/wp\/v2\/tags?post=171001"}],"curies":[{"name":"wp","href":"https:\/\/api.w.org\/{rel}","templated":true}]}}