{"id":171009,"date":"2025-11-30T20:41:56","date_gmt":"2025-11-30T20:41:56","guid":{"rendered":"https:\/\/www.europesays.com\/pt\/171009\/"},"modified":"2025-11-30T20:41:56","modified_gmt":"2025-11-30T20:41:56","slug":"mendes-vs-pinto-com-ovos-se-discutem-poderes-e-ideias-sexy-observador","status":"publish","type":"post","link":"https:\/\/www.europesays.com\/pt\/171009\/","title":{"rendered":"Mendes vs. Pinto. Com ovos se discutem poderes e ideias sexy \u2013 Observador"},"content":{"rendered":"<p>Um cesto de ovos e uma grande mosca marcaram o debate entre Lu\u00eds Marques Mendes e Jorge Pinto, em que dois advers\u00e1rios distantes em termos ideol\u00f3gicos discutiram educadamente pontos de vistas opostos. Jorge Pinto quis colar Marques Mendes ao Governo, o social-democrata jurou independ\u00eancia.<\/p>\n<p>Se Lu\u00eds Marques Mendes puxou dos gal\u00f5es da experi\u00eancia durante todo o debate \u2014 chegou a atirar ao jornalista V\u00edtor Gon\u00e7alves que nunca esteve num Conselho de Ministros \u2014, Jorge Pinto trouxe a debate o argumento de que \u00e9 relevante contrariar na Presid\u00eancia da Rep\u00fablica um \u201ccontrolo tremendo\u201d que o PSD tem atualmente no pa\u00eds: lidera o Governo, a Madeira, os A\u00e7ores e a Associa\u00e7\u00e3o Nacional de Munic\u00edpios. O candidato apoiado pelo Livre est\u00e1 crente de que \u201cos portugueses n\u00e3o querem os ovos todos no mesmo cesto\u201d.<\/p>\n<p>Mendes quis \u201cdesmontar a teoria\u201d dando conta que de \u201c\u00e9 igual a M\u00e1rio Soares, Jorge Sampaio, Cavaco Silva e Marcelo Rebelo de Sousa\u201d, todos ex-l\u00edderes nos respetivos partidos, e jurando que \u00e9 (\u201cj\u00e1 dei provas disso\u201d) e ser\u00e1 \u201crigorosamente independente\u201d. Mais do que isso, recuperou a mem\u00f3ria dos tempos em que Jorge Sampaio e Ant\u00f3nio Guterres estiveram ao leme do Pal\u00e1cio de Bel\u00e9m e do Pal\u00e1cio de S\u00e3o Bento, respetivamente. \u201cEsse exemplo j\u00e1 aconteceu e ningu\u00e9m se queixou.\u201d<\/p>\n<p>Aproveitando o embalo, Marques Mendes colocou em cima da mesa a quest\u00e3o da revis\u00e3o constitucional para mostrar que \u00e9 um tema que \u201csepara completamente ambos\u201d. Explicou que, na sua opini\u00e3o, a ideia de dissolver o Parlamento por causa da revis\u00e3o constitucional \u2014 como Jorge Pinto tem vindo a sugerir \u2014 at\u00e9 pode ser \u201csexy\u201d, mas \u00e9\u00a0\u201cerrada\u201d, argumentando que \u201cn\u00e3o precisamos de mais dissolu\u00e7\u00f5es, precisamos de estabilidade\u201d e que \u201cquem introduz este tema tem as prioridades erradas\u201d. Entretanto, assumindo uma postura contra o amigo e atual Presidente da Rep\u00fablica, Mendes assumiu que houve \u201cdissolu\u00e7\u00f5es a mais\u201d. Seja como for, tamb\u00e9m considera que n\u00e3o vai haver qualquer revis\u00e3o porque estas se fazem \u201csobretudo com PS e PSD\u201d.<\/p>\n<p>\u201cEnquanto comentador, pode dizer \u2018eu acho que isto n\u00e3o vai acontecer\u2019. Mas hoje \u00e9 s\u00e1bado, n\u00e3o \u00e9 domingo\u201d, atirou Jorge Pinto, numa refer\u00eancia aos muitos anos em que Marques Mendes foi comentador habitual na antena da SIC aos domingos \u2014 uma estrat\u00e9gia que usou em v\u00e1rios momentos do debate, procurando sempre usar declara\u00e7\u00f5es do advers\u00e1rio contra si pr\u00f3prio.<\/p>\n<p>Por sua vez, Mendes foi puxando da experi\u00eancia. Recuperou a proposta de fazer um Conselho de Estado sobre a reforma da Justi\u00e7a e combate \u00e0 corrup\u00e7\u00e3o, argumentando que conhece bem a import\u00e2ncia que outros Conselhos de Estado j\u00e1 tiveram at\u00e9 na \u201cviabiliza\u00e7\u00e3o de or\u00e7amentos\u201d. \u201cNunca esteve na agenda a reforma da justi\u00e7a e combate \u00e0 corrup\u00e7\u00e3o\u201d, real\u00e7ou, frisando que \u201cnunca ningu\u00e9m deu um passo\u201d para uma reforma da Justi\u00e7a. Jorge Pinto preferia que a discuss\u00e3o fosse feita a partir da preven\u00e7\u00e3o: \u201c\u00c9 quase como se desejassem que Portugal fosse corrupto.\u201d<\/p>\n<p>Ainda sobre a Sa\u00fade, Jorge Pinto criticou a Comiss\u00e3o Contra a Fraude no SNS, descrevendo-a como uma \u201cjogada de marketing pol\u00edtico\u201d e questionando a experi\u00eancia que Carlos Alexandre tem na Sa\u00fade. Marques Mendes tem a ideia oposta, afirmou que \u00e9 \u201cuma bel\u00edssima decis\u00e3o\u201d. \u201cAcho que o juiz Carlos Alexandre \u00e9 muito bem escolhido\u201d, reiterou, sublinhando que \u201cincute respeito, para n\u00e3o dizer medo\u201d.<\/p>\n<p>E relativamente \u00e0 legisla\u00e7\u00e3o laboral, Jorge Pinto ainda acusou Marques Mendes por ter \u201ccriticado de maneira bastante dura\u201d as decis\u00f5es do Tribunal Constitucional em defesa dos direitos laborais nos tempos da troika. J\u00e1 Marques Mendes refor\u00e7ou apenas que \u201c\u00e9 essencial um acordo com entidades patronais e sindicais\u201d e que \u201cuma altera\u00e7\u00e3o \u00e0 legisla\u00e7\u00e3o laboral sem acordo \u00e9 m\u00e1\u201d. Teve ainda tempo para defender o Governo ao dizer que houve \u201cuma altera\u00e7\u00e3o de atmosfera pol\u00edtica\u201d depois de Lu\u00eds Montenegro ter recebido a UGT.<\/p>\n<p>Sobre o poder mais importante do Presidente da Rep\u00fablica aos olhos de cada um: Jorge Pinto revelou que seria a \u201cv\u00e1lvula de escape da Rep\u00fablica\u201d, enquanto Marques Mendes destacou o poder \u201cda palavra e da magistratura de influ\u00eancia\u201d.<\/p>\n","protected":false},"excerpt":{"rendered":"Um cesto de ovos e uma grande mosca marcaram o debate entre Lu\u00eds Marques Mendes e Jorge Pinto,&hellip;\n","protected":false},"author":2,"featured_media":171010,"comment_status":"","ping_status":"","sticky":false,"template":"","format":"standard","meta":{"footnotes":""},"categories":[10],"tags":[27,28,4580,1077,15,16,14,25,26,7604,21,22,12,13,19,20,18819,57,302,32,1076,23,24,4579,33,58,17,18,29,30,31],"class_list":{"0":"post-171009","1":"post","2":"type-post","3":"status-publish","4":"format-standard","5":"has-post-thumbnail","7":"category-portugal","8":"tag-breaking-news","9":"tag-breakingnews","10":"tag-cds-pp","11":"tag-eleiu00e7u00f5es","12":"tag-featured-news","13":"tag-featurednews","14":"tag-headlines","15":"tag-latest-news","16":"tag-latestnews","17":"tag-luu00eds-marques-mendes","18":"tag-main-news","19":"tag-mainnews","20":"tag-news","21":"tag-noticias","22":"tag-noticias-principais","23":"tag-noticiasprincipais","24":"tag-partido-livre","25":"tag-pau00eds","26":"tag-polu00edtica","27":"tag-portugal","28":"tag-presidenciais-2026","29":"tag-principais-noticias","30":"tag-principaisnoticias","31":"tag-psd","32":"tag-pt","33":"tag-sociedade","34":"tag-top-stories","35":"tag-topstories","36":"tag-ultimas","37":"tag-ultimas-noticias","38":"tag-ultimasnoticias"},"share_on_mastodon":{"url":"","error":"Validation failed: Text character limit of 500 exceeded"},"_links":{"self":[{"href":"https:\/\/www.europesays.com\/pt\/wp-json\/wp\/v2\/posts\/171009","targetHints":{"allow":["GET"]}}],"collection":[{"href":"https:\/\/www.europesays.com\/pt\/wp-json\/wp\/v2\/posts"}],"about":[{"href":"https:\/\/www.europesays.com\/pt\/wp-json\/wp\/v2\/types\/post"}],"author":[{"embeddable":true,"href":"https:\/\/www.europesays.com\/pt\/wp-json\/wp\/v2\/users\/2"}],"replies":[{"embeddable":true,"href":"https:\/\/www.europesays.com\/pt\/wp-json\/wp\/v2\/comments?post=171009"}],"version-history":[{"count":0,"href":"https:\/\/www.europesays.com\/pt\/wp-json\/wp\/v2\/posts\/171009\/revisions"}],"wp:featuredmedia":[{"embeddable":true,"href":"https:\/\/www.europesays.com\/pt\/wp-json\/wp\/v2\/media\/171010"}],"wp:attachment":[{"href":"https:\/\/www.europesays.com\/pt\/wp-json\/wp\/v2\/media?parent=171009"}],"wp:term":[{"taxonomy":"category","embeddable":true,"href":"https:\/\/www.europesays.com\/pt\/wp-json\/wp\/v2\/categories?post=171009"},{"taxonomy":"post_tag","embeddable":true,"href":"https:\/\/www.europesays.com\/pt\/wp-json\/wp\/v2\/tags?post=171009"}],"curies":[{"name":"wp","href":"https:\/\/api.w.org\/{rel}","templated":true}]}}