{"id":171043,"date":"2025-11-30T21:17:15","date_gmt":"2025-11-30T21:17:15","guid":{"rendered":"https:\/\/www.europesays.com\/pt\/171043\/"},"modified":"2025-11-30T21:17:15","modified_gmt":"2025-11-30T21:17:15","slug":"depois-de-maria-botelho-moniz-jessica-athayde-calca-os-tenis-tendencia-do-ano","status":"publish","type":"post","link":"https:\/\/www.europesays.com\/pt\/171043\/","title":{"rendered":"Depois de Maria Botelho Moniz, J\u00e9ssica Athayde cal\u00e7a os t\u00e9nis tend\u00eancia do ano"},"content":{"rendered":"<p>Se h\u00e1 quem prefira t\u00e9nis minimalistas, op\u00e7\u00f5es seguras, vers\u00e1teis e capazes de acompanhar v\u00e1rios looks, como \u00e9 o caso de <a href=\"https:\/\/versa.iol.pt\/cristina-ferreira\/maria-cerqueira-gomes\/nao-e-so-cristina-ferreira-tambem-maria-cerqueira-gomes-quebra-regra-do-ano-com-estes-tenis\/20251118\/691c7f0bd34e3caad84b6a17\" rel=\"nofollow noopener\" target=\"_blank\">Cristina Ferreira e Maria Cerqueira Gomes, que t\u00eam sempre um par de elei\u00e7\u00e3o que combina com praticamente todo o guarda-roupa<\/a>, tamb\u00e9m existem aquelas pessoas que gostam de arriscar. Cores vibrantes, padr\u00f5es inesperados e um esp\u00edrito mais <a href=\"https:\/\/versa.iol.pt\/moda\/tenis\/os-tenis-mais-cool-de-2025-sienna-miller-ja-os-escolheu\/20250101\/6773ceb9d34e94b829092eab\" rel=\"nofollow noopener\" target=\"_blank\">maximalista t\u00eam ganho destaque, sobretudo num 2025 marcado por tend\u00eancias exuberantes e por uma est\u00e9tica mais ousada<\/a>. E parece que <a href=\"https:\/\/versa.iol.pt\/jessica-athayde\/cabelo\/novo-corte-de-cabelo-de-jessica-athayde-segue-a-grande-tendencia-da-estacao\/20251118\/691ae2d9d34e2bd5c6d4141a\" rel=\"nofollow noopener\" target=\"_blank\">J\u00e9ssica Athayde<\/a> \u00e9 um desses casos.<\/p>\n<p>Recentemente, a atriz partilhou no Instagram uma fotografia onde surgia a usar uns t\u00e9nis que s\u00e3o tudo menos discretos: os Adidas Samba Love x Comme des Gar\u00e7ons. Esta colabora\u00e7\u00e3o reinterpreta o cl\u00e1ssico modelo Samba numa vers\u00e3o rom\u00e2ntica e divertida, combinando vermelho, branco e rosa. A parte frontal, em camur\u00e7a rosa, surge coberta de pequenos cora\u00e7\u00f5es e as t\u00edpicas riscas laterais s\u00e3o verdemlhas. No calcanhar, destaca-se o emblem\u00e1tico cora\u00e7\u00e3o com olhos da linha Play da Comme des Gar\u00e7ons. Com a sola escura a completar o look e um pre\u00e7o de \u20ac125, este modelo \u00e9 pensado para quem n\u00e3o tem medo de apostar em cores e padr\u00f5es ousados.<\/p>\n<p>E J\u00e9ssica Athayde n\u00e3o \u00e9 o \u00fanico caso. Tamb\u00e9m <a href=\"https:\/\/versa.iol.pt\/tenis\/sapatilhas\/depois-de-ana-guiomar-maria-botelho-moniz-confirma-estes-sao-os-tenis-do-outono\/20250929\/68da93b3d34ee0c2fed0ac0c\" rel=\"nofollow noopener\" target=\"_blank\">Maria Botelho Moniz e Ana Guiomar t\u00eam apostado em t\u00e9nis coloridos, provando que o cal\u00e7ado pode e deve acrescentar personalidade aos looks<\/a>.<br \/>Por isso, se \u00e9s f\u00e3 desta est\u00e9tica vibrante e maximalista, inspira-te na galeria de imagens que deixamos para ti.<\/p>\n","protected":false},"excerpt":{"rendered":"Se h\u00e1 quem prefira t\u00e9nis minimalistas, op\u00e7\u00f5es seguras, vers\u00e1teis e capazes de acompanhar v\u00e1rios looks, como \u00e9 o&hellip;\n","protected":false},"author":2,"featured_media":171044,"comment_status":"","ping_status":"","sticky":false,"template":"","format":"standard","meta":{"footnotes":""},"categories":[85],"tags":[5781,1081,204,114,115,754,11436,186,1079,32,33,5543,2349,1078,1080],"class_list":{"0":"post-171043","1":"post","2":"type-post","3":"status-publish","4":"format-standard","5":"has-post-thumbnail","7":"category-entretenimento","8":"tag-adidas","9":"tag-beleza","10":"tag-design","11":"tag-entertainment","12":"tag-entretenimento","13":"tag-gastronomia","14":"tag-jessica-athayde","15":"tag-lifestyle","16":"tag-moda","17":"tag-portugal","18":"tag-pt","19":"tag-samba","20":"tag-tenis","21":"tag-versa","22":"tag-viagens"},"share_on_mastodon":{"url":"https:\/\/pubeurope.com\/@pt\/115640733005409860","error":""},"_links":{"self":[{"href":"https:\/\/www.europesays.com\/pt\/wp-json\/wp\/v2\/posts\/171043","targetHints":{"allow":["GET"]}}],"collection":[{"href":"https:\/\/www.europesays.com\/pt\/wp-json\/wp\/v2\/posts"}],"about":[{"href":"https:\/\/www.europesays.com\/pt\/wp-json\/wp\/v2\/types\/post"}],"author":[{"embeddable":true,"href":"https:\/\/www.europesays.com\/pt\/wp-json\/wp\/v2\/users\/2"}],"replies":[{"embeddable":true,"href":"https:\/\/www.europesays.com\/pt\/wp-json\/wp\/v2\/comments?post=171043"}],"version-history":[{"count":0,"href":"https:\/\/www.europesays.com\/pt\/wp-json\/wp\/v2\/posts\/171043\/revisions"}],"wp:featuredmedia":[{"embeddable":true,"href":"https:\/\/www.europesays.com\/pt\/wp-json\/wp\/v2\/media\/171044"}],"wp:attachment":[{"href":"https:\/\/www.europesays.com\/pt\/wp-json\/wp\/v2\/media?parent=171043"}],"wp:term":[{"taxonomy":"category","embeddable":true,"href":"https:\/\/www.europesays.com\/pt\/wp-json\/wp\/v2\/categories?post=171043"},{"taxonomy":"post_tag","embeddable":true,"href":"https:\/\/www.europesays.com\/pt\/wp-json\/wp\/v2\/tags?post=171043"}],"curies":[{"name":"wp","href":"https:\/\/api.w.org\/{rel}","templated":true}]}}