{"id":171049,"date":"2025-11-30T21:21:14","date_gmt":"2025-11-30T21:21:14","guid":{"rendered":"https:\/\/www.europesays.com\/pt\/171049\/"},"modified":"2025-11-30T21:21:14","modified_gmt":"2025-11-30T21:21:14","slug":"quase-132-mil-acidentes-e-390-mortos-nas-estradas-portuguesas-este-ano-2","status":"publish","type":"post","link":"https:\/\/www.europesays.com\/pt\/171049\/","title":{"rendered":"Quase 132 mil acidentes e 390 mortos nas estradas portuguesas este ano"},"content":{"rendered":"<p>                O relat\u00f3rio di\u00e1rio de sinistralidade da ANSR referente a 27 de novembro mostra que at\u00e9 quarta-feira ocorreram mais 7.123 acidentes do que no mesmo per\u00edodo do ano passado (mais 5,5%), enquanto o numero de mortos diminuiu 10,8% (menos 47).<\/p>\n<p>Os acidentes nas estradas portuguesas provocaram tamb\u00e9m 2.538 feridos graves, mais 33 do que no mesmo per\u00edodo de 2024 (mais 1,3%), e 40.069 feridos ligeiros (menos 730).<\/p>\n<p>Nestes n\u00fameros da ANSR ainda n\u00e3o est\u00e3o inclu\u00eddos os seis jovens que morreram hoje de madrugada carbonizados ap\u00f3s o despiste de um ve\u00edculo ligeiro que se incendiou ap\u00f3s o embate em Lisboa, nem as duas pessoas que morreram no s\u00e1bado quando uma viatura caiu na praia fluvial de Pedr\u00f3g\u00e3o Grande, Leiria.<\/p>\n<p>De acordo com a Seguran\u00e7a Rodovi\u00e1ria, Lisboa \u00e9 o distrito com mais acidentes (22.568), seguido do Porto (21.752) e de Aveiro (10.081), sendo tamb\u00e9m Lisboa e Porto os distritos com mais vitimas mortais &#8211; com 44 e 41 mortos, respetivamente -, seguidos de Set\u00fabal (32).<\/p>\n<p>Os dados da ANSR dizem respeito aos mortos cujo \u00f3bito foi declarado no local do acidente ou a caminho do hospital. &#13;\n            <\/p>\n","protected":false},"excerpt":{"rendered":"O relat\u00f3rio di\u00e1rio de sinistralidade da ANSR referente a 27 de novembro mostra que at\u00e9 quarta-feira ocorreram mais&hellip;\n","protected":false},"author":2,"featured_media":171050,"comment_status":"","ping_status":"","sticky":false,"template":"","format":"standard","meta":{"footnotes":""},"categories":[10],"tags":[27,28,15,16,14,25,26,21,22,12,13,19,20,32,23,24,33,420,421,17,18,29,30,31],"class_list":{"0":"post-171049","1":"post","2":"type-post","3":"status-publish","4":"format-standard","5":"has-post-thumbnail","7":"category-portugal","8":"tag-breaking-news","9":"tag-breakingnews","10":"tag-featured-news","11":"tag-featurednews","12":"tag-headlines","13":"tag-latest-news","14":"tag-latestnews","15":"tag-main-news","16":"tag-mainnews","17":"tag-news","18":"tag-noticias","19":"tag-noticias-principais","20":"tag-noticiasprincipais","21":"tag-portugal","22":"tag-principais-noticias","23":"tag-principaisnoticias","24":"tag-pt","25":"tag-rtp","26":"tag-rtp-noticias","27":"tag-top-stories","28":"tag-topstories","29":"tag-ultimas","30":"tag-ultimas-noticias","31":"tag-ultimasnoticias"},"share_on_mastodon":{"url":"https:\/\/pubeurope.com\/@pt\/115640748087314682","error":""},"_links":{"self":[{"href":"https:\/\/www.europesays.com\/pt\/wp-json\/wp\/v2\/posts\/171049","targetHints":{"allow":["GET"]}}],"collection":[{"href":"https:\/\/www.europesays.com\/pt\/wp-json\/wp\/v2\/posts"}],"about":[{"href":"https:\/\/www.europesays.com\/pt\/wp-json\/wp\/v2\/types\/post"}],"author":[{"embeddable":true,"href":"https:\/\/www.europesays.com\/pt\/wp-json\/wp\/v2\/users\/2"}],"replies":[{"embeddable":true,"href":"https:\/\/www.europesays.com\/pt\/wp-json\/wp\/v2\/comments?post=171049"}],"version-history":[{"count":0,"href":"https:\/\/www.europesays.com\/pt\/wp-json\/wp\/v2\/posts\/171049\/revisions"}],"wp:featuredmedia":[{"embeddable":true,"href":"https:\/\/www.europesays.com\/pt\/wp-json\/wp\/v2\/media\/171050"}],"wp:attachment":[{"href":"https:\/\/www.europesays.com\/pt\/wp-json\/wp\/v2\/media?parent=171049"}],"wp:term":[{"taxonomy":"category","embeddable":true,"href":"https:\/\/www.europesays.com\/pt\/wp-json\/wp\/v2\/categories?post=171049"},{"taxonomy":"post_tag","embeddable":true,"href":"https:\/\/www.europesays.com\/pt\/wp-json\/wp\/v2\/tags?post=171049"}],"curies":[{"name":"wp","href":"https:\/\/api.w.org\/{rel}","templated":true}]}}