{"id":171051,"date":"2025-11-30T21:24:10","date_gmt":"2025-11-30T21:24:10","guid":{"rendered":"https:\/\/www.europesays.com\/pt\/171051\/"},"modified":"2025-11-30T21:24:10","modified_gmt":"2025-11-30T21:24:10","slug":"emma-stone-fala-sobre-raspar-o-cabelo-para-bugonia-30-11-2025-cinema-e-series","status":"publish","type":"post","link":"https:\/\/www.europesays.com\/pt\/171051\/","title":{"rendered":"Emma Stone fala sobre raspar o cabelo para &#8216;Bugonia&#8217; &#8211; 30\/11\/2025 &#8211; Cinema e S\u00e9ries"},"content":{"rendered":"<p>\n<strong class=\"c-signature__location\">S\u00e3o Paulo<\/strong>\n<\/p>\n<p>Sempre que vai falar sobre &#8220;<a href=\"https:\/\/www1.folha.uol.com.br\/ilustrada\/2025\/11\/bugonia-com-emma-stone-ecoa-entre-filmes-absurdos-que-refletem-mundo-em-crise.shtml\" rel=\"nofollow noopener\" target=\"\">Bugonia<\/a>&#8220;, em cartaz nos cinemas, <a href=\"https:\/\/www1.folha.uol.com.br\/folha-topicos\/emma-stone\/\" rel=\"nofollow noopener\" target=\"_blank\">Emma Stone<\/a> precisa responder \u00e0 pergunta: como foi <a href=\"https:\/\/f5.folha.uol.com.br\/celebridades\/2025\/08\/emma-stone-raspa-a-cabeca-para-novo-filme-com-yorgos-lanthimos.shtml\" rel=\"nofollow noopener\" target=\"\">raspar a cabe\u00e7a<\/a> para viver a personagem Michelle Fuller? No longa de Yorgos Lanthimos, a CEO de uma empresa farmac\u00eautica \u00e9 sequestrada por uma dupla de homens que acredita que ela seja uma alien\u00edgena infiltrada na Terra.<\/p>\n","protected":false},"excerpt":{"rendered":"S\u00e3o Paulo Sempre que vai falar sobre &#8220;Bugonia&#8220;, em cartaz nos cinemas, Emma Stone precisa responder \u00e0 pergunta:&hellip;\n","protected":false},"author":2,"featured_media":171052,"comment_status":"","ping_status":"","sticky":false,"template":"","format":"standard","meta":{"footnotes":""},"categories":[145],"tags":[11098,207,219,27387,211,210,470,223,9401,114,115,224,225,471,226,2595,221,220,222,21598,1409,32,33,218,228,227],"class_list":{"0":"post-171051","1":"post","2":"type-post","3":"status-publish","4":"format-standard","5":"has-post-thumbnail","7":"category-celebridades","8":"tag-academia-de-cinema","9":"tag-arte","10":"tag-bichos","11":"tag-bugonia","12":"tag-celebridades","13":"tag-celebrities","14":"tag-cinema","15":"tag-colunistas","16":"tag-emma-stone","17":"tag-entertainment","18":"tag-entretenimento","19":"tag-estranho","20":"tag-eu-amo","21":"tag-filme","22":"tag-fofices","23":"tag-hollywood","24":"tag-horoscopo","25":"tag-humanos","26":"tag-humor","27":"tag-jesse-plemons","28":"tag-oscar","29":"tag-portugal","30":"tag-pt","31":"tag-televisao","32":"tag-tudo","33":"tag-videos"},"share_on_mastodon":{"url":"https:\/\/pubeurope.com\/@pt\/115640759933696562","error":""},"_links":{"self":[{"href":"https:\/\/www.europesays.com\/pt\/wp-json\/wp\/v2\/posts\/171051","targetHints":{"allow":["GET"]}}],"collection":[{"href":"https:\/\/www.europesays.com\/pt\/wp-json\/wp\/v2\/posts"}],"about":[{"href":"https:\/\/www.europesays.com\/pt\/wp-json\/wp\/v2\/types\/post"}],"author":[{"embeddable":true,"href":"https:\/\/www.europesays.com\/pt\/wp-json\/wp\/v2\/users\/2"}],"replies":[{"embeddable":true,"href":"https:\/\/www.europesays.com\/pt\/wp-json\/wp\/v2\/comments?post=171051"}],"version-history":[{"count":0,"href":"https:\/\/www.europesays.com\/pt\/wp-json\/wp\/v2\/posts\/171051\/revisions"}],"wp:featuredmedia":[{"embeddable":true,"href":"https:\/\/www.europesays.com\/pt\/wp-json\/wp\/v2\/media\/171052"}],"wp:attachment":[{"href":"https:\/\/www.europesays.com\/pt\/wp-json\/wp\/v2\/media?parent=171051"}],"wp:term":[{"taxonomy":"category","embeddable":true,"href":"https:\/\/www.europesays.com\/pt\/wp-json\/wp\/v2\/categories?post=171051"},{"taxonomy":"post_tag","embeddable":true,"href":"https:\/\/www.europesays.com\/pt\/wp-json\/wp\/v2\/tags?post=171051"}],"curies":[{"name":"wp","href":"https:\/\/api.w.org\/{rel}","templated":true}]}}