{"id":171055,"date":"2025-11-30T21:28:24","date_gmt":"2025-11-30T21:28:24","guid":{"rendered":"https:\/\/www.europesays.com\/pt\/171055\/"},"modified":"2025-11-30T21:28:24","modified_gmt":"2025-11-30T21:28:24","slug":"apos-uma-semana-este-e-o-estado-de-saude-de-nuno-markl-taskmaster","status":"publish","type":"post","link":"https:\/\/www.europesays.com\/pt\/171055\/","title":{"rendered":"Ap\u00f3s uma semana, este \u00e9 o estado de sa\u00fade de Nuno Markl (Taskmaster)"},"content":{"rendered":"<p>H\u00e1 uma semana que Nuno Markl pregou um grande susto aos portugueses. Vem descobrir como \u00e9 que o humorista, escritor, locutor de r\u00e1dio e apresentador do \u201cTaskmaster\u201d est\u00e1 passado este tempo.<\/p>\n<p>Nuno Markl \u00e9 um acarinhado humorista, escritor, locutor da R\u00e1dio Comercial e apresentador do programa \u201cTaskmaster\u201d ao lado de <a href=\"https:\/\/www.magazine-hd.com\/apps\/wp\/taskmaster-final-sexta-temporada-possivel-vencedor-vasco-palmeirim-nuno-markl\/\" target=\"_blank\" rel=\"noopener nofollow\">Vasco Palmeirim<\/a>. Ele costuma animar as manh\u00e3s na Comercial com a sua r\u00fabrica \u201cO Homem que Mordeu o C\u00e3o\u201d, que tamb\u00e9m gera v\u00e1rios livros. Sendo que o mais recente \u00e9 \u201cO Homem que Mordeu o C\u00e3o: Uma M\u00e3o Humana Forrada a Veludo, Homem!\u201d.<\/p>\n<p>O que \u00e9 que aconteceu a Nuno Markl?<\/p>\n<blockquote class=\"instagram-media\" style=\"background: #FFF; border: 0; border-radius: 3px; box-shadow: 0 0 1px 0 rgba(0,0,0,0.5),0 1px 10px 0 rgba(0,0,0,0.15); margin: 1px; max-width: 540px; min-width: 326px; padding: 0; width: calc(100% - 2px);\" data-instgrm-captioned=\"\" data-instgrm-permalink=\"https:\/\/www.instagram.com\/reel\/DRmBcd0DIKs\/?utm_source=ig_embed&amp;utm_campaign=loading\" data-instgrm-version=\"14\">\n<\/blockquote>\n<p>Na quinta-feira passada, j\u00e1 \u00e0 noite, os portugueses s\u00e3o surpreendidos com a not\u00edcia de que Markl est\u00e1 internado no hospital ap\u00f3s sofrer um AVC, acidente vascular cerebral. Sabe-se que o humorista primeiramente foi para o Hospital de Cascais e depois seguiu pela \u2018via verde\u2019 para o Hospital Francisco Xavier.<\/p>\n<p>Felizmente, na manh\u00e3 seguinte, obtivemos boas not\u00edcias vindas pelo pr\u00f3prio a dizer que est\u00e1 est\u00e1vel e em recupera\u00e7\u00e3o. Neste momento, Nuno Markl est\u00e1 internado no Hospital Egas Moniz, onde est\u00e1 a fazer a sua recupera\u00e7\u00e3o.<\/p>\n<p>Nos \u00faltimos dias, o pr\u00f3prio, colegas da R\u00e1dio Comercial e assim como a sua ex-mulher Ana Galv\u00e3o, revelaram alguns pormenores sobre este momento dif\u00edcil. Primeiramente, o filho de Markl e Galv\u00e3o \u00e9 o grande her\u00f3i deste momento, embora bastante assustador para o jovem. Isto porque foi ele que ligou ao 112 e esperou pelo socorro chegar \u00e0 casa do pai. Tanto Markl e a sua ex-mulher j\u00e1 agradeceram ao filho e tamb\u00e9m aos bombeiros. Especialmente a um elemento da equipa que foi socorrer Markl, pois este ficou ao lado do jovem para o acalmar.<\/p>\n<p>Como \u00e9 que a not\u00edcia foi recebida?<\/p>\n<p>Os portugueses ficaram em choque com a not\u00edcia, mas uma enorme onda de amor e carinho foi imediatamente dirigida a Nuno Markl. Tanto an\u00f3nimos, como colegas da profiss\u00e3o e amigos mandaram mensagens de melhoras. Por exemplo C\u00e2ndido Costa, <a href=\"https:\/\/www.magazine-hd.com\/apps\/wp\/o-sol-da-caparica-diogo-picarra-entrevista\/\" target=\"_blank\" rel=\"noopener nofollow\">Diogo Pi\u00e7arra<\/a>, a R\u00e1dio Comercial, entre muitos outros.<\/p>\n<p>Contudo, no meio disto tudo tamb\u00e9m houve algu\u00e9m que gerou pol\u00e9mica, o antigo apresentador do \u201cQuerido Mudei a Casa\u201d, Gustavo Santos. O agora influencer decidiu colocar as \u2018culpas\u2019 do que aconteceu no pr\u00f3prio humorista e o chamou de \u201cfl\u00e1cido\u201d e \u201cpr\u00e9-obeso\u201d. O pr\u00f3prio Markl respondeu \u00e0 critica, tal como in\u00fameras outras celebridades como Cristina Ferreira, <a href=\"https:\/\/www.magazine-hd.com\/apps\/wp\/altar-novo-album-dos-the-gift-esta-disponivel-pre-venda\/\" target=\"_blank\" rel=\"noopener nofollow\">Raquel Tavares<\/a>, entre outros.<\/p>\n<p>Fica Nuno Markl com sequelas?<br \/>\n<img loading=\"lazy\" decoding=\"async\" class=\"size-full wp-image-744480\" src=\"data:image\/svg+xml,%3Csvg%20xmlns=\" http:=\"\" alt=\"nuno markl taskmaster\" width=\"728\" height=\"385\" data-lazy- data-lazy- data-lazy-src=\"https:\/\/www.europesays.com\/pt\/wp-content\/uploads\/2025\/11\/nuno-markl.webp.webp\"\/>\u00a9Fremantle \/ RTP<\/p>\n<p>O apresentador do \u201cTaskmaster\u201d ficou com algumas sequelas do seu AVC, como o pr\u00f3prio diz: \u201cO lado esquerdo do meu corpo meteu f\u00e9rias\u201d. Mas est\u00e1 em recupera\u00e7\u00e3o, como j\u00e1 mostrou no seu <a href=\"https:\/\/www.instagram.com\/nunomarkl\/\" target=\"_blank\" rel=\"noopener nofollow\">Instagram<\/a> com algumas das suas pequenas conquistas. Como por exemplo, conseguir andar e ir \u00e0 casa de banho de p\u00e9, assim como mexer a m\u00e3o esquerda. Felizmente, a sua voz n\u00e3o parece estar afetada, isto porque a voz ou a habilidade de falar \u00e9 um dos efeitos mais comuns de algu\u00e9m que sofre um AVC.<\/p>\n<p>Nuno Markl j\u00e1 entrou em direto na R\u00e1dio Comercial pela primeira vez desde o AVC, surpreendendo e emocionando in\u00fameros dos ouvintes. E d\u00e1 para perceber que pelo menos nesta \u00e1rea n\u00e3o haver\u00e1 problemas.<\/p>\n<p>Mas, Markl est\u00e1 agora num per\u00edodo em que est\u00e1 a fazer fisioterapia e continua a ser observado pelo servi\u00e7o de Neurologia e Cardiologia.<\/p>\n<p>Quando \u00e9 que Nuno Markl regressar\u00e1 ao trabalho?<\/p>\n<p>N\u00f3s s\u00f3 estamos no in\u00edcio do processo da recupera\u00e7\u00e3o, mas \u00e9 claro que Markl vai ter de fazer algumas altera\u00e7\u00f5es \u00e0 sua vida. Isto em termos de alimenta\u00e7\u00e3o e stress, que pode ter sido um grande fator para o que aconteceu. O pr\u00f3ximo grande evento em que o humorista ia participar era um espet\u00e1culo de Natal da R\u00e1dio Comercial, ao lado de Pedro Ribeiro, Vera Fernandes e <a href=\"https:\/\/www.magazine-hd.com\/apps\/wp\/taskmaster-ultimo-episodio-rtp-vasco-palmeirim-nuno-markl-popular-atriz\/\" target=\"_blank\" rel=\"noopener nofollow\">Vasco Palmeirim<\/a>. Mas devido ao que aconteceu, este evento est\u00e1 adiado para 2026. Contudo, ser\u00e1 poss\u00edvel que Markl regresse mais depressa \u00e0s manh\u00e3s da r\u00e1dio do que \u00e0 televis\u00e3o com novos programas.<\/p>\n<p>No entanto, ainda tens o \u201cTaskmaster\u201d. Porque o epis\u00f3dio especial de <a href=\"https:\/\/www.magazine-hd.com\/apps\/wp\/rtp-passagem-ano-taskmaster-episodio-especial-vasco-palmeirim-nuno-markl\/\" target=\"_blank\" rel=\"noopener nofollow\">Passagem de Ano<\/a> e a s\u00e9tima temporada do programa da RTP est\u00e3o gravadas e agora est\u00e3o em processo de edi\u00e7\u00e3o. De lembrar que amanh\u00e3 \u00e9 emitido o \u00faltimo epis\u00f3dio da sexta temporada do \u201cTaskmaster\u201d com <a href=\"https:\/\/www.magazine-hd.com\/apps\/wp\/victoria-guerra-apresenta-filho-gravidez-promessa-sic\/\" target=\"_blank\" rel=\"noopener nofollow\">Vict\u00f3ria Guerra<\/a> como convidada.<\/p>\n<p>\n        About The Author<\/p>\n<p>                <a href=\"https:\/\/www.magazine-hd.com\/apps\/wp\/author\/icarvalho\/\" rel=\"nofollow noopener\" target=\"_blank\"><img loading=\"lazy\" decoding=\"async\" width=\"150\" height=\"150\" src=\"data:image\/svg+xml,%3Csvg%20xmlns=\" http:=\"\" class=\"avatar avatar-150 photo\" alt=\"\" data-lazy- data-lazy- data-lazy-src=\"https:\/\/www.europesays.com\/pt\/wp-content\/uploads\/2025\/10\/DP-Pocahontas-150x150.jpg\"\/><\/a><\/p>\n<p>                    <a href=\"https:\/\/www.magazine-hd.com\/apps\/wp\/author\/icarvalho\/\" rel=\"nofollow noopener\" target=\"_blank\">Ana In\u00eas Carvalho<\/a><\/p>\n<p>Licenciada em Hist\u00f3ria de Arte pela Universidade de Coimbra. Redatora na MHD desde de 2017, escrevendo principalmente sobre cinema e televis\u00e3o. \u00c9 especialista em K-Pop (Dreamcatcher, Taeyeon, NCT, e Seventeen s\u00e3o alguns dos artistas favoritos), K-Dramas (Descendants of the Sun, Extraordinary Attorney Woo, e Vincenzo s\u00e3o as s\u00e9ries favoritas), e tamb\u00e9m do mundo de Westeros (aka Game of Thrones e House of the Dragon).<\/p>\n<p>\t\t<script async src=\"\/\/www.instagram.com\/embed.js\"><\/script><\/p>\n","protected":false},"excerpt":{"rendered":"H\u00e1 uma semana que Nuno Markl pregou um grande susto aos portugueses. Vem descobrir como \u00e9 que o&hellip;\n","protected":false},"author":2,"featured_media":171056,"comment_status":"","ping_status":"","sticky":false,"template":"","format":"standard","meta":{"footnotes":""},"categories":[141],"tags":[25376,35856,114,115,17844,35857,149,150,11435,35858,28802,32,33,5590,420,35859,35774,35860,35861],"class_list":{"0":"post-171055","1":"post","2":"type-post","3":"status-publish","4":"format-standard","5":"has-post-thumbnail","7":"category-musica","8":"tag-ana-galvao","9":"tag-candido-costa","10":"tag-entertainment","11":"tag-entretenimento","12":"tag-gabriela-barros","13":"tag-madalena-almeida","14":"tag-music","15":"tag-musica","16":"tag-nuno-markl","17":"tag-o-homem-que-mordeu-o-cao","18":"tag-pedro-ribeiro","19":"tag-portugal","20":"tag-pt","21":"tag-radio-comercial","22":"tag-rtp","23":"tag-rui-melo","24":"tag-taskmaster","25":"tag-vasco-palmeirim","26":"tag-vera-fernandes"},"share_on_mastodon":{"url":"https:\/\/pubeurope.com\/@pt\/115640775949579365","error":""},"_links":{"self":[{"href":"https:\/\/www.europesays.com\/pt\/wp-json\/wp\/v2\/posts\/171055","targetHints":{"allow":["GET"]}}],"collection":[{"href":"https:\/\/www.europesays.com\/pt\/wp-json\/wp\/v2\/posts"}],"about":[{"href":"https:\/\/www.europesays.com\/pt\/wp-json\/wp\/v2\/types\/post"}],"author":[{"embeddable":true,"href":"https:\/\/www.europesays.com\/pt\/wp-json\/wp\/v2\/users\/2"}],"replies":[{"embeddable":true,"href":"https:\/\/www.europesays.com\/pt\/wp-json\/wp\/v2\/comments?post=171055"}],"version-history":[{"count":0,"href":"https:\/\/www.europesays.com\/pt\/wp-json\/wp\/v2\/posts\/171055\/revisions"}],"wp:featuredmedia":[{"embeddable":true,"href":"https:\/\/www.europesays.com\/pt\/wp-json\/wp\/v2\/media\/171056"}],"wp:attachment":[{"href":"https:\/\/www.europesays.com\/pt\/wp-json\/wp\/v2\/media?parent=171055"}],"wp:term":[{"taxonomy":"category","embeddable":true,"href":"https:\/\/www.europesays.com\/pt\/wp-json\/wp\/v2\/categories?post=171055"},{"taxonomy":"post_tag","embeddable":true,"href":"https:\/\/www.europesays.com\/pt\/wp-json\/wp\/v2\/tags?post=171055"}],"curies":[{"name":"wp","href":"https:\/\/api.w.org\/{rel}","templated":true}]}}