{"id":171071,"date":"2025-11-30T21:43:14","date_gmt":"2025-11-30T21:43:14","guid":{"rendered":"https:\/\/www.europesays.com\/pt\/171071\/"},"modified":"2025-11-30T21:43:14","modified_gmt":"2025-11-30T21:43:14","slug":"ferette-da-flagra-na-filha-com-outra-mulher","status":"publish","type":"post","link":"https:\/\/www.europesays.com\/pt\/171071\/","title":{"rendered":"Ferette d\u00e1 flagra na filha com outra mulher"},"content":{"rendered":"<p>Em <a href=\"https:\/\/natelinha.uol.com.br\/novelas\/tres-gracas\" rel=\"nofollow noopener\" target=\"_blank\">Tr\u00eas Gra\u00e7as<\/a>, <a href=\"https:\/\/natelinha.uol.com.br\/novelas\/tres-gracas\/personagem\/santiago-ferette\" rel=\"nofollow noopener\" target=\"_blank\">Ferette<\/a> (Murilo Ben\u00edcio) dar\u00e1 um flagra na filha com outra mulher. Sem saber do romance da mo\u00e7a, o vil\u00e3o ficar\u00e1 perplexo ao ver <a href=\"https:\/\/natelinha.uol.com.br\/novelas\/tres-gracas\/personagem\/lorena\" rel=\"nofollow noopener\" target=\"_blank\">Lorena<\/a> (Alanis Guillen) e <a href=\"https:\/\/natelinha.uol.com.br\/novelas\/tres-gracas\/personagem\/juquinha\" rel=\"nofollow noopener\" target=\"_blank\">Juquinha<\/a> (Gabriela Medvedovski) dentro de um carro nos pr\u00f3ximos cap\u00edtulos da novela, que a Globo exibe \u00e0s 21h.<\/p>\n<p>continua depois da publicidade<\/p>\n<p>A cena est\u00e1 prevista para ir ao ar em 10 de dezembro. A essa altura da hist\u00f3ria, Lorena e Juquinha j\u00e1 estar\u00e3o apaixonadas uma pela outra.<\/p>\n<p>+ <a href=\"https:\/\/natelinha.uol.com.br\/televisao\/2025\/11\/30\/florinda-meza-ouve-poema-do-falecido-marido-e-reencontra-chaves-no-sbt-video-234597.php\" rel=\"nofollow noopener\" target=\"_blank\">Florinda Meza ouve poema do falecido marido e &#8220;reencontra&#8221; Chaves no SBT; v\u00eddeo<\/a><\/p>\n<p><img decoding=\"async\" loading=\"lazy\" class=\"horizontal\" src=\"https:\/\/www.europesays.com\/pt\/wp-content\/uploads\/2025\/11\/globo-tres-gracas-juquinha-e-lorena_4233.jpeg\" alt=\"Juquinha e Lorena em Tr\u00eas Gra\u00e7as\"\/><br \/>\nJuquinha e Lorena d\u00e3o in\u00edcio a romance nos pr\u00f3ximos cap\u00edtulos de Tr\u00eas Gra\u00e7as &#8211; Foto: Reprodu\u00e7\u00e3o\/Globo<\/p>\n<p>Al\u00e9m de mexer com os preconceitos de Ferette, a aproxima\u00e7\u00e3o entre elas ser\u00e1 um perigo para os planos do vil\u00e3o. Afinal, ele tem liga\u00e7\u00f5es escusas com o pai da candidata a nora, o delegado <a href=\"https:\/\/natelinha.uol.com.br\/novelas\/tres-gracas\/personagem\/jairo-barroso\" rel=\"nofollow noopener\" target=\"_blank\">Jairo Barroso<\/a> (Andr\u00e9 Mattos).<\/p>\n<p>Juquinha ficar\u00e1 apreensiva em uma conversa com o pai sobre Ferette. Em benef\u00edcio de sua evolu\u00e7\u00e3o profissional, Barroso evita desgastes com poderosos e, por isso, prefere negligenciar oficialmente investiga\u00e7\u00f5es\u00a0que afetem pessoas da alta sociedade.<\/p>\n<p>continua depois da publicidade<\/p>\n<p>No entanto, o delegado n\u00e3o impede, e at\u00e9 incentiva, tanto Juquinha quanto <a href=\"https:\/\/natelinha.uol.com.br\/novelas\/tres-gracas\/personagem\/paulinho\" rel=\"nofollow noopener\" target=\"_blank\">Paulinho<\/a> (Romulo Estrela) a fazer investiga\u00e7\u00f5es sobre a funda\u00e7\u00e3o de Ferette por vias extraoficiais.<\/p>\n<p>A nova paix\u00e3o far\u00e1 com que Lorena apoie <a href=\"https:\/\/natelinha.uol.com.br\/novelas\/tres-gracas\/personagem\/leonardo\" rel=\"nofollow noopener\" target=\"_blank\">Leonardo<\/a> (Pedro Novaes), que sofre pela dist\u00e2ncia de <a href=\"https:\/\/natelinha.uol.com.br\/novelas\/tres-gracas\/personagem\/viviane\" rel=\"nofollow noopener\" target=\"_blank\">Viviane<\/a> (Gabriela Loran). Os irm\u00e3os conversar\u00e3o sobre suas paix\u00f5es, e a mo\u00e7a vai fazer quest\u00e3o de conhecer a farmac\u00eautica, sem nem desconfiar dos planos da mo\u00e7a para desmascarar Ferette.<\/p>\n<p>+ <a href=\"https:\/\/natelinha.uol.com.br\/novelas\/2025\/11\/29\/mariana-ximenes-reencontra-walcyr-carrasco-e-tenta-exorcizar-mania-de-voce--234591.php\" rel=\"nofollow noopener\" target=\"_blank\">Mariana Ximenes reencontra Walcyr Carrasco e tenta exorcizar Mania de Voc\u00ea<\/a><\/p>\n<p>continua depois da publicidade<\/p>\n<p><a href=\"https:\/\/natelinha.uol.com.br\/novelas\/tres-gracas\" rel=\"nofollow noopener\" target=\"_blank\">Tr\u00eas Gra\u00e7as<\/a> \u00e9 uma novela criada e escrita por Aguinaldo Silva, Virg\u00edlio Silva e Z\u00e9 Dassilva, com dire\u00e7\u00e3o art\u00edstica de Luiz Henrique Rios e produ\u00e7\u00e3o de Gustavo Rebelo e Silvana Feu. A dire\u00e7\u00e3o de g\u00eanero \u00e9 de Jos\u00e9 Luiz Villamarim.<\/p>\n<p>O <strong>NaTelinha<\/strong> divulga todos os dias os resumos dos cap\u00edtulos, detalhes dos personagens, entrevistas exclusivas com o elenco e spoilers da novela Tr\u00eas Gra\u00e7as. <a href=\"https:\/\/natelinha.uol.com.br\/novelas\" rel=\"nofollow noopener\" target=\"_blank\">Confira!<\/a><\/p>\n","protected":false},"excerpt":{"rendered":"Em Tr\u00eas Gra\u00e7as, Ferette (Murilo Ben\u00edcio) dar\u00e1 um flagra na filha com outra mulher. Sem saber do romance&hellip;\n","protected":false},"author":2,"featured_media":171072,"comment_status":"","ping_status":"","sticky":false,"template":"","format":"standard","meta":{"footnotes":""},"categories":[142],"tags":[114,115,753,35480,35481,2313,32,33,35833,4376,151],"class_list":{"0":"post-171071","1":"post","2":"type-post","3":"status-publish","4":"format-standard","5":"has-post-thumbnail","7":"category-tv","8":"tag-entertainment","9":"tag-entretenimento","10":"tag-globo","11":"tag-juquinha-tres-gracas","12":"tag-lorena-tres-gracas","13":"tag-murilo-benicio","14":"tag-portugal","15":"tag-pt","16":"tag-santiago-ferette-tres-gracas","17":"tag-tres-gracas","18":"tag-tv"},"share_on_mastodon":{"url":"https:\/\/pubeurope.com\/@pt\/115640834950281960","error":""},"_links":{"self":[{"href":"https:\/\/www.europesays.com\/pt\/wp-json\/wp\/v2\/posts\/171071","targetHints":{"allow":["GET"]}}],"collection":[{"href":"https:\/\/www.europesays.com\/pt\/wp-json\/wp\/v2\/posts"}],"about":[{"href":"https:\/\/www.europesays.com\/pt\/wp-json\/wp\/v2\/types\/post"}],"author":[{"embeddable":true,"href":"https:\/\/www.europesays.com\/pt\/wp-json\/wp\/v2\/users\/2"}],"replies":[{"embeddable":true,"href":"https:\/\/www.europesays.com\/pt\/wp-json\/wp\/v2\/comments?post=171071"}],"version-history":[{"count":0,"href":"https:\/\/www.europesays.com\/pt\/wp-json\/wp\/v2\/posts\/171071\/revisions"}],"wp:featuredmedia":[{"embeddable":true,"href":"https:\/\/www.europesays.com\/pt\/wp-json\/wp\/v2\/media\/171072"}],"wp:attachment":[{"href":"https:\/\/www.europesays.com\/pt\/wp-json\/wp\/v2\/media?parent=171071"}],"wp:term":[{"taxonomy":"category","embeddable":true,"href":"https:\/\/www.europesays.com\/pt\/wp-json\/wp\/v2\/categories?post=171071"},{"taxonomy":"post_tag","embeddable":true,"href":"https:\/\/www.europesays.com\/pt\/wp-json\/wp\/v2\/tags?post=171071"}],"curies":[{"name":"wp","href":"https:\/\/api.w.org\/{rel}","templated":true}]}}