{"id":171093,"date":"2025-11-30T22:03:08","date_gmt":"2025-11-30T22:03:08","guid":{"rendered":"https:\/\/www.europesays.com\/pt\/171093\/"},"modified":"2025-11-30T22:03:08","modified_gmt":"2025-11-30T22:03:08","slug":"video-benfica-b-empata-em-leiria-e-continua-em-zona-de-descida","status":"publish","type":"post","link":"https:\/\/www.europesays.com\/pt\/171093\/","title":{"rendered":"V\u00cdDEO: Benfica B empata em Leiria e continua em zona de descida"},"content":{"rendered":"<p style=\"margin-bottom:11px\">Uni\u00e3o de Leiria e Benfica B empataram a dois golos na tarde deste domingo, na 12.\u00aa jornada da II Liga, mas n\u00e3o se livraram de um momento ins\u00f3lito. Poucos segundos ap\u00f3s o apito inicial, o \u00e1rbitro viu-se obrigado a interromper o encontro devido ao denso nevoeiro provocado pelo fogo de artif\u00edcio promovido pelos anfitri\u00f5es minutos antes.<\/p>\n<p>No relvado, o ala Lucho Vega lan\u00e7ou a Uni\u00e3o para a vantagem aos 36 minutos. Na resposta, aos 45+7m, o defesa Gon\u00e7alo Oliveira restabeleceu a igualdade.<\/p>\n<p>Na segunda parte, o m\u00e9dio Dudu viu o cart\u00e3o vermelho e desfalcou as \u00e1guias aos 52 minutos. Pouco depois, aos 55m, o central Z\u00e9 Pedro aplicou o 2-1. Todavia, tr\u00eas minutos volvidos, o avan\u00e7ado Trevisan \u2013 que assistiu para o 1-1 \u2013 fez o 2-2.<\/p>\n<p>Ora, o <a href=\"https:\/\/maisfutebol.iol.pt\/resultadoseclassificacoes\/291\/Portugal\/Liga-de-Honra\" rel=\"nofollow noopener\" target=\"_blank\">Benfica B \u00e9 16.\u00ba com 11 pontos, lugar que obriga a disputar o play-off de manuten\u00e7\u00e3o<\/a>. As \u00e1guias est\u00e3o igualadas com Pa\u00e7os de Ferreira (18.\u00ba) e FC Porto B (17.\u00ba), e apontam \u00e0 rece\u00e7\u00e3o \u00e0 Oliveirense (9.\u00aa), no s\u00e1bado (18h).<\/p>\n<p>Quanto \u00e0 Uni\u00e3o de Leiria, \u00e9 quarta e est\u00e1 em lugar de paly-off de subida, com 20 pontos, a seis do topo e igualada com Desp. Chaves e Torreense (6.\u00ba). Ao cabo de quatro rondas a pontuar, segue-se a visita ao Penafiel (12.\u00ba), na sexta-feira (18h).<\/p>\n<blockquote class=\"twitter-tweet\" data-media-max-width=\"560\">\n<p lang=\"pt\">Z\u00e9 Pedro apareceu ao segundo poste para dar vantagem aos leirienses \ud83d\udcaa<a href=\"https:\/\/twitter.com\/hashtag\/sporttvportugal?src=hash&amp;ref_src=twsrc%5Etfw\" rel=\"nofollow noopener\" target=\"_blank\">#sporttvportugal<\/a> <a href=\"https:\/\/twitter.com\/hashtag\/LIGAnaSPORTTV?src=hash&amp;ref_src=twsrc%5Etfw\" rel=\"nofollow noopener\" target=\"_blank\">#LIGAnaSPORTTV<\/a> <a href=\"https:\/\/twitter.com\/hashtag\/ligaportugalmeusuper?src=hash&amp;ref_src=twsrc%5Etfw\" rel=\"nofollow noopener\" target=\"_blank\">#ligaportugalmeusuper<\/a> <a href=\"https:\/\/twitter.com\/hashtag\/UDLeiria?src=hash&amp;ref_src=twsrc%5Etfw\" rel=\"nofollow noopener\" target=\"_blank\">#UDLeiria<\/a> <a href=\"https:\/\/twitter.com\/hashtag\/SLBenficaB?src=hash&amp;ref_src=twsrc%5Etfw\" rel=\"nofollow noopener\" target=\"_blank\">#SLBenficaB<\/a> <a href=\"https:\/\/twitter.com\/hashtag\/continente?src=hash&amp;ref_src=twsrc%5Etfw\" rel=\"nofollow noopener\" target=\"_blank\">#continente<\/a> <a href=\"https:\/\/t.co\/ZeIZS0CAAX\" rel=\"nofollow\">pic.twitter.com\/ZeIZS0CAAX<\/a><\/p>\n<p> \u2014 sport tv (@sporttvportugal)<br \/>\n  <a href=\"https:\/\/twitter.com\/sporttvportugal\/status\/1995184303588639206?ref_src=twsrc%5Etfw\" rel=\"nofollow noopener\" target=\"_blank\">November 30, 2025<\/a>\n <\/p><\/blockquote>\n<blockquote class=\"twitter-tweet\" data-media-max-width=\"560\">\n<p lang=\"pt\">Foi preciso ir ao VAR, mas a bola de Trevisan contou mesmo para o empate das \u00e1guias \ud83e\udd85<a href=\"https:\/\/twitter.com\/hashtag\/sporttvportugal?src=hash&amp;ref_src=twsrc%5Etfw\" rel=\"nofollow noopener\" target=\"_blank\">#sporttvportugal<\/a> <a href=\"https:\/\/twitter.com\/hashtag\/LIGAnaSPORTTV?src=hash&amp;ref_src=twsrc%5Etfw\" rel=\"nofollow noopener\" target=\"_blank\">#LIGAnaSPORTTV<\/a> <a href=\"https:\/\/twitter.com\/hashtag\/ligaportugalmeusuper?src=hash&amp;ref_src=twsrc%5Etfw\" rel=\"nofollow noopener\" target=\"_blank\">#ligaportugalmeusuper<\/a> <a href=\"https:\/\/twitter.com\/hashtag\/UDLeiria?src=hash&amp;ref_src=twsrc%5Etfw\" rel=\"nofollow noopener\" target=\"_blank\">#UDLeiria<\/a> <a href=\"https:\/\/twitter.com\/hashtag\/SLBenficaB?src=hash&amp;ref_src=twsrc%5Etfw\" rel=\"nofollow noopener\" target=\"_blank\">#SLBenficaB<\/a> <a href=\"https:\/\/twitter.com\/hashtag\/prio?src=hash&amp;ref_src=twsrc%5Etfw\" rel=\"nofollow noopener\" target=\"_blank\">#prio<\/a> <a href=\"https:\/\/t.co\/Zd7NzaiElc\" rel=\"nofollow\">pic.twitter.com\/Zd7NzaiElc<\/a><\/p>\n<p> \u2014 sport tv (@sporttvportugal)<br \/>\n  <a href=\"https:\/\/twitter.com\/sporttvportugal\/status\/1995186146368696383?ref_src=twsrc%5Etfw\" rel=\"nofollow noopener\" target=\"_blank\">November 30, 2025<\/a>\n <\/p><\/blockquote>\n<p>                                <script async src=\"https:\/\/platform.twitter.com\/widgets.js\" charset=\"utf-8\"><\/script><\/p>\n","protected":false},"excerpt":{"rendered":"Uni\u00e3o de Leiria e Benfica B empataram a dois golos na tarde deste domingo, na 12.\u00aa jornada da&hellip;\n","protected":false},"author":2,"featured_media":126781,"comment_status":"","ping_status":"","sticky":false,"template":"","format":"standard","meta":{"footnotes":""},"categories":[87],"tags":[51,8353,135,5919,5423,46,32,33,47,4219,527,5434,5920,134,4824],"class_list":{"0":"post-171093","1":"post","2":"type-post","3":"status-publish","4":"format-standard","5":"has-post-thumbnail","7":"category-desporto","8":"tag-benfica","9":"tag-benfica-b","10":"tag-desporto","11":"tag-ii-liga","12":"tag-leiria","13":"tag-maisfutebol","14":"tag-portugal","15":"tag-pt","16":"tag-pura-paixao","17":"tag-resultado-final","18":"tag-resultados","19":"tag-resultados-hoje","20":"tag-resultados-maisfutebol","21":"tag-sports","22":"tag-uniao-leiria"},"share_on_mastodon":{"url":"https:\/\/pubeurope.com\/@pt\/115640913455213595","error":""},"_links":{"self":[{"href":"https:\/\/www.europesays.com\/pt\/wp-json\/wp\/v2\/posts\/171093","targetHints":{"allow":["GET"]}}],"collection":[{"href":"https:\/\/www.europesays.com\/pt\/wp-json\/wp\/v2\/posts"}],"about":[{"href":"https:\/\/www.europesays.com\/pt\/wp-json\/wp\/v2\/types\/post"}],"author":[{"embeddable":true,"href":"https:\/\/www.europesays.com\/pt\/wp-json\/wp\/v2\/users\/2"}],"replies":[{"embeddable":true,"href":"https:\/\/www.europesays.com\/pt\/wp-json\/wp\/v2\/comments?post=171093"}],"version-history":[{"count":0,"href":"https:\/\/www.europesays.com\/pt\/wp-json\/wp\/v2\/posts\/171093\/revisions"}],"wp:featuredmedia":[{"embeddable":true,"href":"https:\/\/www.europesays.com\/pt\/wp-json\/wp\/v2\/media\/126781"}],"wp:attachment":[{"href":"https:\/\/www.europesays.com\/pt\/wp-json\/wp\/v2\/media?parent=171093"}],"wp:term":[{"taxonomy":"category","embeddable":true,"href":"https:\/\/www.europesays.com\/pt\/wp-json\/wp\/v2\/categories?post=171093"},{"taxonomy":"post_tag","embeddable":true,"href":"https:\/\/www.europesays.com\/pt\/wp-json\/wp\/v2\/tags?post=171093"}],"curies":[{"name":"wp","href":"https:\/\/api.w.org\/{rel}","templated":true}]}}