{"id":171096,"date":"2025-11-30T22:05:21","date_gmt":"2025-11-30T22:05:21","guid":{"rendered":"https:\/\/www.europesays.com\/pt\/171096\/"},"modified":"2025-11-30T22:05:21","modified_gmt":"2025-11-30T22:05:21","slug":"peca-intemporal-de-claudia-vieira-faz-nos-querer-uma-igual-e-leva-nos-da-zara-a-massimo-dutti-na-black-friday","status":"publish","type":"post","link":"https:\/\/www.europesays.com\/pt\/171096\/","title":{"rendered":"Pe\u00e7a intemporal de Cl\u00e1udia Vieira faz-nos querer uma igual e leva-nos da Zara \u00e0 Massimo Dutti na Black Friday"},"content":{"rendered":"<p>Por muitas novas esta\u00e7\u00f5es que cheguem e tend\u00eancias que v\u00e3o e venham, h\u00e1 pe\u00e7as que permanecem intemporais no nosso guarda-roupa. S\u00e3o aquelas escolhas seguras que funcionam em qualquer ocasi\u00e3o, adaptam-se \u00e0s cores da moda e aos diferentes estilos. Entre essas pe\u00e7as est\u00e1, sem d\u00favida, o cardigan.<\/p>\n<p>Confort\u00e1veis, conhecidos pelo seu toque quentinho e pela forma como transformam qualquer coordenado num look mais aconchegante e delicado, os cardigans s\u00e3o uma daquelas op\u00e7\u00f5es que nunca desiludem. E, se est\u00e1s \u00e0 procura do modelo ideal para refor\u00e7ar o teu guarda-roupa neste inverno, parece que encontramos a inspira\u00e7\u00e3o perfeita\u2026 diretamente do feed de <a href=\"https:\/\/versa.iol.pt\/claudia-vieira\/skincare\/o-que-mudou-na-pele-de-claudia-vieira-depois-dos-40-anos-se-tivesse-de-dar-um-conselho-diria\/20251125\/6925979bd34e3caad84ba9c8\" rel=\"nofollow noopener\" target=\"_blank\">Cl\u00e1udia Vieira<\/a>.<\/p>\n<p>Recentemente, a atriz surgiu numa fotografia descontra\u00edda do seu dia a dia, uma simples ida ao dentista, e foi imposs\u00edvel n\u00e3o reparar no look cozy que estava a usar: um cardigan bege combinado com uma t-shirt branca, uma escolha simples, cl\u00e1ssica e impec\u00e1vel.<\/p>\n<p>Fomos investigar as principais lojas de fast fashion e, al\u00e9m de encontrarmos v\u00e1rios cardigans perfeitos para recriar o look de Cl\u00e1udia Vieira, descobrimos que a maioria deles est\u00e1 em <a href=\"https:\/\/versa.iol.pt\/black-friday\/mango\/zara-mango-h-m-e-mais-reunimos-39-pecas-com-os-melhores-descontos-a-partir-de-3-euros\/20251125\/6925e068d34e2bd5c6d46886\" rel=\"nofollow noopener\" target=\"_blank\">promo\u00e7\u00e3o de Black Friday.<\/a> Ou seja, se \u00e9s f\u00e3 de cardigans ou ainda est\u00e1s \u00e0 procura daquele que vai ser o teu favorito deste inverno, esta \u00e9 mesmo a oportunidade ideal.<\/p>\n","protected":false},"excerpt":{"rendered":"Por muitas novas esta\u00e7\u00f5es que cheguem e tend\u00eancias que v\u00e3o e venham, h\u00e1 pe\u00e7as que permanecem intemporais no&hellip;\n","protected":false},"author":2,"featured_media":171097,"comment_status":"","ping_status":"","sticky":false,"template":"","format":"standard","meta":{"footnotes":""},"categories":[85],"tags":[1081,35867,1082,204,114,115,754,186,1079,32,33,1078,1080,3480],"class_list":{"0":"post-171096","1":"post","2":"type-post","3":"status-publish","4":"format-standard","5":"has-post-thumbnail","7":"category-entretenimento","8":"tag-beleza","9":"tag-cardigan","10":"tag-claudia-vieira","11":"tag-design","12":"tag-entertainment","13":"tag-entretenimento","14":"tag-gastronomia","15":"tag-lifestyle","16":"tag-moda","17":"tag-portugal","18":"tag-pt","19":"tag-versa","20":"tag-viagens","21":"tag-zara"},"share_on_mastodon":{"url":"https:\/\/pubeurope.com\/@pt\/115640921336021786","error":""},"_links":{"self":[{"href":"https:\/\/www.europesays.com\/pt\/wp-json\/wp\/v2\/posts\/171096","targetHints":{"allow":["GET"]}}],"collection":[{"href":"https:\/\/www.europesays.com\/pt\/wp-json\/wp\/v2\/posts"}],"about":[{"href":"https:\/\/www.europesays.com\/pt\/wp-json\/wp\/v2\/types\/post"}],"author":[{"embeddable":true,"href":"https:\/\/www.europesays.com\/pt\/wp-json\/wp\/v2\/users\/2"}],"replies":[{"embeddable":true,"href":"https:\/\/www.europesays.com\/pt\/wp-json\/wp\/v2\/comments?post=171096"}],"version-history":[{"count":0,"href":"https:\/\/www.europesays.com\/pt\/wp-json\/wp\/v2\/posts\/171096\/revisions"}],"wp:featuredmedia":[{"embeddable":true,"href":"https:\/\/www.europesays.com\/pt\/wp-json\/wp\/v2\/media\/171097"}],"wp:attachment":[{"href":"https:\/\/www.europesays.com\/pt\/wp-json\/wp\/v2\/media?parent=171096"}],"wp:term":[{"taxonomy":"category","embeddable":true,"href":"https:\/\/www.europesays.com\/pt\/wp-json\/wp\/v2\/categories?post=171096"},{"taxonomy":"post_tag","embeddable":true,"href":"https:\/\/www.europesays.com\/pt\/wp-json\/wp\/v2\/tags?post=171096"}],"curies":[{"name":"wp","href":"https:\/\/api.w.org\/{rel}","templated":true}]}}