{"id":171098,"date":"2025-11-30T22:06:13","date_gmt":"2025-11-30T22:06:13","guid":{"rendered":"https:\/\/www.europesays.com\/pt\/171098\/"},"modified":"2025-11-30T22:06:13","modified_gmt":"2025-11-30T22:06:13","slug":"cyberpunk-2-nao-sera-lancado-nesta-geracao-diz-relatorio","status":"publish","type":"post","link":"https:\/\/www.europesays.com\/pt\/171098\/","title":{"rendered":"Cyberpunk 2 n\u00e3o ser\u00e1 lan\u00e7ado nesta gera\u00e7\u00e3o, diz relat\u00f3rio"},"content":{"rendered":"<p class=\"wp-block-yoast-seo-estimated-reading-time yoast-reading-time__wrapper\">Estimated reading time: 2 minutos<\/p>\n<p>Embora a Sony tenha confirmado que o PlayStation 5 ainda est\u00e1 na metade do seu ciclo, antes de iniciar uma nova gera\u00e7\u00e3o, e o Xbox ainda n\u00e3o tenha revelado detalhes do que vem por a\u00ed, n\u00e3o espere jogar a sequ\u00eancia de <strong>Cyberpunk 2077<\/strong> t\u00e3o cedo.<\/p>\n<p>Acontece que de acordo com os relat\u00f3rios financeiros do est\u00fadio, Cyberpunk 2 est\u00e1 em pr\u00e9-produ\u00e7\u00e3o, um dos momentos mais importantes do desenvolvimento, quando o jogo recebe seu prot\u00f3tipo e as coisas s\u00e3o organizadas para seguir em frente.<\/p>\n<p>O est\u00fadio tamb\u00e9m revela que deve aumentar a equipe e que espera dobrar o time dentro dos pr\u00f3ximos 2 anos, ou seja, Cyberpunk 2 n\u00e3o chegar\u00e1 em 2028, j\u00e1 que o time ainda aumentar\u00e1 em 2027.<\/p>\n<p>Dito isto, podemos esperar Cyberpunk 2 apenas para 2030, daqui a 5 anos, no m\u00ednimo. Enquanto isso, a pr\u00f3xima gera\u00e7\u00e3o de consoles \u00e9 esperada para 2027 ou 2028.<\/p>\n<p>Leia mais sobre Cyberpunk:<\/p>\n<p>Fonte: <a href=\"https:\/\/comicbook.com\/gaming\/news\/cyberpunk-2-wont-release-this-generation-based-on-new-report\/\" rel=\"nofollow noopener\" target=\"_blank\">Comicbook<\/a><\/p>\n","protected":false},"excerpt":{"rendered":"Estimated reading time: 2 minutos Embora a Sony tenha confirmado que o PlayStation 5 ainda est\u00e1 na metade&hellip;\n","protected":false},"author":2,"featured_media":171099,"comment_status":"","ping_status":"","sticky":false,"template":"","format":"standard","meta":{"footnotes":""},"categories":[84],"tags":[109,107,108,35868,30608,32,33,105,103,104,106,110],"class_list":{"0":"post-171098","1":"post","2":"type-post","3":"status-publish","4":"format-standard","5":"has-post-thumbnail","7":"category-ciencia-e-tecnologia","8":"tag-ciencia","9":"tag-ciencia-e-tecnologia","10":"tag-cienciaetecnologia","11":"tag-cyberpunk-2","12":"tag-cyberpunk-2077","13":"tag-portugal","14":"tag-pt","15":"tag-science","16":"tag-science-and-technology","17":"tag-scienceandtechnology","18":"tag-technology","19":"tag-tecnologia"},"share_on_mastodon":{"url":"https:\/\/pubeurope.com\/@pt\/115640925106110686","error":""},"_links":{"self":[{"href":"https:\/\/www.europesays.com\/pt\/wp-json\/wp\/v2\/posts\/171098","targetHints":{"allow":["GET"]}}],"collection":[{"href":"https:\/\/www.europesays.com\/pt\/wp-json\/wp\/v2\/posts"}],"about":[{"href":"https:\/\/www.europesays.com\/pt\/wp-json\/wp\/v2\/types\/post"}],"author":[{"embeddable":true,"href":"https:\/\/www.europesays.com\/pt\/wp-json\/wp\/v2\/users\/2"}],"replies":[{"embeddable":true,"href":"https:\/\/www.europesays.com\/pt\/wp-json\/wp\/v2\/comments?post=171098"}],"version-history":[{"count":0,"href":"https:\/\/www.europesays.com\/pt\/wp-json\/wp\/v2\/posts\/171098\/revisions"}],"wp:featuredmedia":[{"embeddable":true,"href":"https:\/\/www.europesays.com\/pt\/wp-json\/wp\/v2\/media\/171099"}],"wp:attachment":[{"href":"https:\/\/www.europesays.com\/pt\/wp-json\/wp\/v2\/media?parent=171098"}],"wp:term":[{"taxonomy":"category","embeddable":true,"href":"https:\/\/www.europesays.com\/pt\/wp-json\/wp\/v2\/categories?post=171098"},{"taxonomy":"post_tag","embeddable":true,"href":"https:\/\/www.europesays.com\/pt\/wp-json\/wp\/v2\/tags?post=171098"}],"curies":[{"name":"wp","href":"https:\/\/api.w.org\/{rel}","templated":true}]}}