{"id":171116,"date":"2025-11-30T22:27:10","date_gmt":"2025-11-30T22:27:10","guid":{"rendered":"https:\/\/www.europesays.com\/pt\/171116\/"},"modified":"2025-11-30T22:27:10","modified_gmt":"2025-11-30T22:27:10","slug":"viih-tube-e-eliezer-enfrentam-perrengues-em-viagem-familiar","status":"publish","type":"post","link":"https:\/\/www.europesays.com\/pt\/171116\/","title":{"rendered":"Viih Tube e Eliezer enfrentam perrengues em viagem familiar"},"content":{"rendered":"<p><strong>Viih Tube<\/strong> e <strong>Eliezer <\/strong>decidiram celebrar o primeiro anivers\u00e1rio do filho ca\u00e7ula,\u00a0<strong>Ravi<\/strong>, com uma viagem em fam\u00edlia a Balne\u00e1rio Cambori\u00fa, em Santa Catarina. No entanto, o passeio virou um pesadelo para o casal e os av\u00f3s das crian\u00e7as.<\/p>\n<p><strong>Eliezer\u00a0<\/strong>revelou por meio das redes sociais uma s\u00e9rie de perrengues que a fam\u00edlia enfrentou:\u00a0&#8220;Ficamos preso dentro do avi\u00e3o por tr\u00eas horas, o box do banheiro estourou em cima da Lua, Lua com febre e esquecemos a mala do Ravi&#8221;.<\/p>\n<p>&#8220;Para voc\u00eas terem uma ideia. Nosso voo era para sair 12h, sabe que horas fomos sair? Quatro e cinquenta. Fomos chegar aqui seis [horas da tarde]&#8221;, explicou o ex-BBB, que disse ainda que a fam\u00edlia ficou por &#8220;mais de tr\u00eas horas no avi\u00e3o com as crian\u00e7as enlouquecidas sem ar-condicionado&#8221;.<\/p>\n<p>Ao pousarem no local de destino, os contratempos continuaram quando o casal notou que havia esquecido a mala de <strong>Ravi<\/strong>: &#8220;Chegando, a mala do Ravi, a mais importante, com tudo do Ravi, leite, roupa e tudo o que ele precisa, a gente esqueceu no aeroporto&#8221;.<\/p>\n<p>&#8220;A Lua come\u00e7ou a ficar com febre pra ajudar&#8221;, acrescentou\u00a0<strong>Viih Tube<\/strong>. Entretanto, o susto mais grave ocorreu logo ap\u00f3s a chegada. &#8220;A gente chegou, a Lua foi tomar um banho. Boom. O box estourou em cima dela. Foi um grande susto, mas est\u00e1 tudo bem. N\u00e3o machucou&#8221;, relatou\u00a0<strong>Eliezer<\/strong>.<\/p>\n<p>\u00a0<\/p>\n","protected":false},"excerpt":{"rendered":"Viih Tube e Eliezer decidiram celebrar o primeiro anivers\u00e1rio do filho ca\u00e7ula,\u00a0Ravi, com uma viagem em fam\u00edlia a&hellip;\n","protected":false},"author":2,"featured_media":96110,"comment_status":"","ping_status":"","sticky":false,"template":"","format":"standard","meta":{"footnotes":""},"categories":[145],"tags":[211,210,5653,114,115,2179,32,33,5654,12756],"class_list":{"0":"post-171116","1":"post","2":"type-post","3":"status-publish","4":"format-standard","5":"has-post-thumbnail","7":"category-celebridades","8":"tag-celebridades","9":"tag-celebrities","10":"tag-eliezer","11":"tag-entertainment","12":"tag-entretenimento","13":"tag-lua","14":"tag-portugal","15":"tag-pt","16":"tag-ravi","17":"tag-viih-tube"},"share_on_mastodon":{"url":"https:\/\/pubeurope.com\/@pt\/115641007683535871","error":""},"_links":{"self":[{"href":"https:\/\/www.europesays.com\/pt\/wp-json\/wp\/v2\/posts\/171116","targetHints":{"allow":["GET"]}}],"collection":[{"href":"https:\/\/www.europesays.com\/pt\/wp-json\/wp\/v2\/posts"}],"about":[{"href":"https:\/\/www.europesays.com\/pt\/wp-json\/wp\/v2\/types\/post"}],"author":[{"embeddable":true,"href":"https:\/\/www.europesays.com\/pt\/wp-json\/wp\/v2\/users\/2"}],"replies":[{"embeddable":true,"href":"https:\/\/www.europesays.com\/pt\/wp-json\/wp\/v2\/comments?post=171116"}],"version-history":[{"count":0,"href":"https:\/\/www.europesays.com\/pt\/wp-json\/wp\/v2\/posts\/171116\/revisions"}],"wp:featuredmedia":[{"embeddable":true,"href":"https:\/\/www.europesays.com\/pt\/wp-json\/wp\/v2\/media\/96110"}],"wp:attachment":[{"href":"https:\/\/www.europesays.com\/pt\/wp-json\/wp\/v2\/media?parent=171116"}],"wp:term":[{"taxonomy":"category","embeddable":true,"href":"https:\/\/www.europesays.com\/pt\/wp-json\/wp\/v2\/categories?post=171116"},{"taxonomy":"post_tag","embeddable":true,"href":"https:\/\/www.europesays.com\/pt\/wp-json\/wp\/v2\/tags?post=171116"}],"curies":[{"name":"wp","href":"https:\/\/api.w.org\/{rel}","templated":true}]}}