{"id":171119,"date":"2025-11-30T22:34:09","date_gmt":"2025-11-30T22:34:09","guid":{"rendered":"https:\/\/www.europesays.com\/pt\/171119\/"},"modified":"2025-11-30T22:34:09","modified_gmt":"2025-11-30T22:34:09","slug":"pedro-porro-justifica-reprimenda-a-colega-nao-vou-admitir-nunca","status":"publish","type":"post","link":"https:\/\/www.europesays.com\/pt\/171119\/","title":{"rendered":"Pedro Porro justifica reprimenda a colega: \u00abN\u00e3o vou admitir nunca&#8230;\u00bb"},"content":{"rendered":"<p>O Tottenham perdeu neste s\u00e1bado em casa, no <strong><a href=\"https:\/\/maisfutebol.iol.pt\/made-in\/inglaterra\/inglaterra-marco-silva-bate-tottenham-no-derbi-de-londres\" rel=\"nofollow noopener\" target=\"_blank\">d\u00e9rbi londrino com o Fulham<\/a><\/strong>, de Marco Silva, num jogo em que o guarda-redes foi muito assobiado e apupado ap\u00f3s ser mal batido no segundo golo.<\/p>\n<p>No final da partida, o jovem Lucas Bergvall queria ir agradecer aos adeptos, mas Porro repreendeu-o: foram ali\u00e1s percept\u00edveis para todos os gritos do antigo lateral do Sporting. J\u00e1 este domingo, Pedro Porro recorreu \u00e0s redes sociais para justificar o que fez, n\u00e3o se monstrando nada arrependido.<\/p>\n<p>\u00abO futebol \u00e9 emo\u00e7\u00e3o. No futebol, como na vida, podem acontecer erros, o que n\u00e3o vou admitir nunca s\u00e3o faltas de respeito dos adeptos para com os meus colegas, por isso a minha frustra\u00e7\u00e3o no final do jogo. Vamos reerguer-nos. Lembro que h\u00e1 seis meses tudo parecia muito mau. O que importa n\u00e3o \u00e9 como come\u00e7a, mas sim como acaba. Aos verdadeiros adeptos, amo-vos\u00bb, escreveu.<\/p>\n","protected":false},"excerpt":{"rendered":"O Tottenham perdeu neste s\u00e1bado em casa, no d\u00e9rbi londrino com o Fulham, de Marco Silva, num jogo&hellip;\n","protected":false},"author":2,"featured_media":171120,"comment_status":"","ping_status":"","sticky":false,"template":"","format":"standard","meta":{"footnotes":""},"categories":[87],"tags":[35875,135,3362,35876,46,34522,35873,32,33,47,35874,134,30433,3975,578],"class_list":{"0":"post-171119","1":"post","2":"type-post","3":"status-publish","4":"format-standard","5":"has-post-thumbnail","7":"category-desporto","8":"tag-bergvall","9":"tag-desporto","10":"tag-fulham","11":"tag-lucas-bergvall","12":"tag-maisfutebol","13":"tag-pedro-porro","14":"tag-porro","15":"tag-portugal","16":"tag-pt","17":"tag-pura-paixao","18":"tag-reprimenda","19":"tag-sports","20":"tag-spurs","21":"tag-tottenham","22":"tag-video"},"share_on_mastodon":{"url":"https:\/\/pubeurope.com\/@pt\/115641035317545801","error":""},"_links":{"self":[{"href":"https:\/\/www.europesays.com\/pt\/wp-json\/wp\/v2\/posts\/171119","targetHints":{"allow":["GET"]}}],"collection":[{"href":"https:\/\/www.europesays.com\/pt\/wp-json\/wp\/v2\/posts"}],"about":[{"href":"https:\/\/www.europesays.com\/pt\/wp-json\/wp\/v2\/types\/post"}],"author":[{"embeddable":true,"href":"https:\/\/www.europesays.com\/pt\/wp-json\/wp\/v2\/users\/2"}],"replies":[{"embeddable":true,"href":"https:\/\/www.europesays.com\/pt\/wp-json\/wp\/v2\/comments?post=171119"}],"version-history":[{"count":0,"href":"https:\/\/www.europesays.com\/pt\/wp-json\/wp\/v2\/posts\/171119\/revisions"}],"wp:featuredmedia":[{"embeddable":true,"href":"https:\/\/www.europesays.com\/pt\/wp-json\/wp\/v2\/media\/171120"}],"wp:attachment":[{"href":"https:\/\/www.europesays.com\/pt\/wp-json\/wp\/v2\/media?parent=171119"}],"wp:term":[{"taxonomy":"category","embeddable":true,"href":"https:\/\/www.europesays.com\/pt\/wp-json\/wp\/v2\/categories?post=171119"},{"taxonomy":"post_tag","embeddable":true,"href":"https:\/\/www.europesays.com\/pt\/wp-json\/wp\/v2\/tags?post=171119"}],"curies":[{"name":"wp","href":"https:\/\/api.w.org\/{rel}","templated":true}]}}