{"id":171125,"date":"2025-11-30T22:37:09","date_gmt":"2025-11-30T22:37:09","guid":{"rendered":"https:\/\/www.europesays.com\/pt\/171125\/"},"modified":"2025-11-30T22:37:09","modified_gmt":"2025-11-30T22:37:09","slug":"implante-de-chip-inovador-promete-devolver-visao-a-idosos","status":"publish","type":"post","link":"https:\/\/www.europesays.com\/pt\/171125\/","title":{"rendered":"Implante de chip inovador promete devolver vis\u00e3o a idosos"},"content":{"rendered":"<p>O sistema usa duas partes que trabalham juntas. Uma microc\u00e2mera presa a um par de \u00f3culos especiais captura as imagens em tempo real. O chip fotovoltaico, implantado sob a retina, recebe essas informa\u00e7\u00f5es por luz infravermelha e as transforma em impulsos el\u00e9tricos.<\/p>\n<p>Cada microeletrodo estimula uma regi\u00e3o min\u00fascula do tecido, recriando o desenho que o c\u00e9rebro reconhece como imagem. Por ser fotovoltaico, o dispositivo dispensa fios e baterias. O procedimento \u00e9 menos invasivo do que outras pr\u00f3teses oculares j\u00e1 testadas.<\/p>\n<p>Nos testes cl\u00ednicos, os primeiros resultados apareceram semanas ap\u00f3s o implante. Com treinamento, os pacientes passaram a distinguir formas e letras.<\/p>\n","protected":false},"excerpt":{"rendered":"O sistema usa duas partes que trabalham juntas. Uma microc\u00e2mera presa a um par de \u00f3culos especiais captura&hellip;\n","protected":false},"author":2,"featured_media":171126,"comment_status":"","ping_status":"","sticky":false,"template":"","format":"standard","meta":{"footnotes":""},"categories":[84],"tags":[109,107,108,62,32,33,117,105,103,104,106,110],"class_list":{"0":"post-171125","1":"post","2":"type-post","3":"status-publish","4":"format-standard","5":"has-post-thumbnail","7":"category-ciencia-e-tecnologia","8":"tag-ciencia","9":"tag-ciencia-e-tecnologia","10":"tag-cienciaetecnologia","11":"tag-mundo","12":"tag-portugal","13":"tag-pt","14":"tag-saude","15":"tag-science","16":"tag-science-and-technology","17":"tag-scienceandtechnology","18":"tag-technology","19":"tag-tecnologia"},"share_on_mastodon":{"url":"https:\/\/pubeurope.com\/@pt\/115641046984612460","error":""},"_links":{"self":[{"href":"https:\/\/www.europesays.com\/pt\/wp-json\/wp\/v2\/posts\/171125","targetHints":{"allow":["GET"]}}],"collection":[{"href":"https:\/\/www.europesays.com\/pt\/wp-json\/wp\/v2\/posts"}],"about":[{"href":"https:\/\/www.europesays.com\/pt\/wp-json\/wp\/v2\/types\/post"}],"author":[{"embeddable":true,"href":"https:\/\/www.europesays.com\/pt\/wp-json\/wp\/v2\/users\/2"}],"replies":[{"embeddable":true,"href":"https:\/\/www.europesays.com\/pt\/wp-json\/wp\/v2\/comments?post=171125"}],"version-history":[{"count":0,"href":"https:\/\/www.europesays.com\/pt\/wp-json\/wp\/v2\/posts\/171125\/revisions"}],"wp:featuredmedia":[{"embeddable":true,"href":"https:\/\/www.europesays.com\/pt\/wp-json\/wp\/v2\/media\/171126"}],"wp:attachment":[{"href":"https:\/\/www.europesays.com\/pt\/wp-json\/wp\/v2\/media?parent=171125"}],"wp:term":[{"taxonomy":"category","embeddable":true,"href":"https:\/\/www.europesays.com\/pt\/wp-json\/wp\/v2\/categories?post=171125"},{"taxonomy":"post_tag","embeddable":true,"href":"https:\/\/www.europesays.com\/pt\/wp-json\/wp\/v2\/tags?post=171125"}],"curies":[{"name":"wp","href":"https:\/\/api.w.org\/{rel}","templated":true}]}}