{"id":171133,"date":"2025-11-30T22:45:49","date_gmt":"2025-11-30T22:45:49","guid":{"rendered":"https:\/\/www.europesays.com\/pt\/171133\/"},"modified":"2025-11-30T22:45:49","modified_gmt":"2025-11-30T22:45:49","slug":"pedro-aperta-com-marisa-e-ate-muda-a-voz-secret-story","status":"publish","type":"post","link":"https:\/\/www.europesays.com\/pt\/171133\/","title":{"rendered":"Pedro aperta com Marisa e at\u00e9 muda a voz &#8211; Secret Story"},"content":{"rendered":"<p style=\"margin-bottom:11px\">No Secret Story, a noite foi agitada. Marisa revoltou-se com o marido por n\u00e3o conseguir dormir e o concorrente mostra-se revoltado quando a companheira obriga a Voz a passar uma faixa de aviso. \u00abTu \u00e9 que estavas perturbada, mais ningu\u00e9m estava. N\u00e3o podemos pedir respeito quando n\u00e3o se podem dar ao respeito\u2026\u00bb \u00a0<\/p>\n<p><strong>Dylan, F\u00e1bio e In\u00eas, est\u00e3o em risco de abandonar a casa j\u00e1 esta noite. Vote para salvar o seu preferido:<\/strong><\/p>\n<p>DYLAN \u2013 761 20 20 07<br \/>F\u00c1BIO \u2013 761 20 20 08<br \/>IN\u00caS \u2013 761 20 20 10<\/p>\n<p><a href=\"https:\/\/tvi.iol.pt\/secretstory\/aominuto\" rel=\"nofollow noopener\" target=\"_blank\">Acompanhe aqui tudo o que se passa no Secret Story 9<\/a>\u00a0<\/p>\n","protected":false},"excerpt":{"rendered":"No Secret Story, a noite foi agitada. Marisa revoltou-se com o marido por n\u00e3o conseguir dormir e o&hellip;\n","protected":false},"author":2,"featured_media":171134,"comment_status":"","ping_status":"","sticky":false,"template":"","format":"standard","meta":{"footnotes":""},"categories":[142],"tags":[114,115,19033,19184,19034,14646,32,33,151,19032],"class_list":{"0":"post-171133","1":"post","2":"type-post","3":"status-publish","4":"format-standard","5":"has-post-thumbnail","7":"category-tv","8":"tag-entertainment","9":"tag-entretenimento","10":"tag-galas-em-video","11":"tag-marisa","12":"tag-melhores-momentos-casa-dos-segredos","13":"tag-pedro","14":"tag-portugal","15":"tag-pt","16":"tag-tv","17":"tag-videos-secret-story-tvi"},"share_on_mastodon":{"url":"https:\/\/pubeurope.com\/@pt\/115641082293715166","error":""},"_links":{"self":[{"href":"https:\/\/www.europesays.com\/pt\/wp-json\/wp\/v2\/posts\/171133","targetHints":{"allow":["GET"]}}],"collection":[{"href":"https:\/\/www.europesays.com\/pt\/wp-json\/wp\/v2\/posts"}],"about":[{"href":"https:\/\/www.europesays.com\/pt\/wp-json\/wp\/v2\/types\/post"}],"author":[{"embeddable":true,"href":"https:\/\/www.europesays.com\/pt\/wp-json\/wp\/v2\/users\/2"}],"replies":[{"embeddable":true,"href":"https:\/\/www.europesays.com\/pt\/wp-json\/wp\/v2\/comments?post=171133"}],"version-history":[{"count":0,"href":"https:\/\/www.europesays.com\/pt\/wp-json\/wp\/v2\/posts\/171133\/revisions"}],"wp:featuredmedia":[{"embeddable":true,"href":"https:\/\/www.europesays.com\/pt\/wp-json\/wp\/v2\/media\/171134"}],"wp:attachment":[{"href":"https:\/\/www.europesays.com\/pt\/wp-json\/wp\/v2\/media?parent=171133"}],"wp:term":[{"taxonomy":"category","embeddable":true,"href":"https:\/\/www.europesays.com\/pt\/wp-json\/wp\/v2\/categories?post=171133"},{"taxonomy":"post_tag","embeddable":true,"href":"https:\/\/www.europesays.com\/pt\/wp-json\/wp\/v2\/tags?post=171133"}],"curies":[{"name":"wp","href":"https:\/\/api.w.org\/{rel}","templated":true}]}}