{"id":171137,"date":"2025-11-30T22:49:23","date_gmt":"2025-11-30T22:49:23","guid":{"rendered":"https:\/\/www.europesays.com\/pt\/171137\/"},"modified":"2025-11-30T22:49:23","modified_gmt":"2025-11-30T22:49:23","slug":"oms-alerta-que-diminuiram-as-mortes-por-sarampo-mas-as-infecoes-estao-a-aumentar","status":"publish","type":"post","link":"https:\/\/www.europesays.com\/pt\/171137\/","title":{"rendered":"OMS alerta que diminu\u00edram as mortes por sarampo mas as infe\u00e7\u00f5es est\u00e3o a aumentar"},"content":{"rendered":"<p> <a href=\"https:\/\/www.tveuropa.pt\/cnt\/uploads\/F24NU112-26.jpg\" data-caption=\"OMS alerta que diminu\u00edram as mortes por sarampo mas as infe\u00e7\u00f5es est\u00e3o a aumentar. Foto: \u00a9 OMS\" rel=\"nofollow noopener\" target=\"_blank\"><img loading=\"lazy\" decoding=\"async\" width=\"696\" height=\"464\" class=\"entry-thumb td-modal-image\" src=\"https:\/\/www.europesays.com\/pt\/wp-content\/uploads\/2025\/11\/F24NU112-26-696x464.jpg\"   alt=\"OMS alerta que diminu\u00edram as mortes por sarampo mas as infe\u00e7\u00f5es est\u00e3o a aumentar\" title=\"OMS alerta que diminu\u00edram as mortes por sarampo mas as infe\u00e7\u00f5es est\u00e3o a aumentar\"\/><\/a>OMS alerta que diminu\u00edram as mortes por sarampo mas as infe\u00e7\u00f5es est\u00e3o a aumentar. Foto: \u00a9 OMS <\/p>\n<p>Dados de um novo relat\u00f3rio da <strong>Organiza\u00e7\u00e3o Mundial da Sa\u00fade<\/strong> (OMS) indicam que entre 2000 e 2024 o n\u00famero de mortes por <strong>sarampo<\/strong> diminu\u00edram 88% devido \u00e0s campanhas de vacina\u00e7\u00e3o, que, no mesmo per\u00edodo, salvaram a vida a quase 59 milh\u00f5es de pessoas.<\/p>\n<p>No entanto, \u00e9 estimado que em 2024 tenham morrido de sarampo 95.000 pessoas, principalmente crian\u00e7as menores de 5 anos. Mas, como referiu a OMS, embora o n\u00famero esteja entre os mais baixos registados desde 2000, cada morte pela infe\u00e7\u00e3o de sarampo poderia ter sido evitada com uma vacina, dado que a vacina contra o sarampo \u00e9 altamente eficaz e de baixo custo.<\/p>\n<p>Contudo, apesar da redu\u00e7\u00e3o no n\u00famero de mortes, os casos de sarampo est\u00e3o a aumentar em todo o mundo. \u00c9 estimado que ocorreram 11 milh\u00f5es de infe\u00e7\u00f5es em 2024, ou seja, quase 800 mil a mais do que os n\u00edveis pr\u00e9-pandemia em 2019.<\/p>\n<p>\u201cO sarampo \u00e9 o v\u00edrus mais contagioso do mundo, e os dados mostram, mais uma vez, como ele explorar\u00e1 qualquer lacuna nas nossas defesas coletivas\u201d, disse, citado em comunicado, Tedros Adhanom Ghebreyesus, Diretor-Geral da OMS. \u201cO sarampo n\u00e3o respeita fronteiras, mas quando todas as crian\u00e7as em todas as comunidades s\u00e3o vacinadas contra ele, surtos dispendiosos podem ser evitados, vidas podem ser salvas e a doen\u00e7a pode ser eliminada de na\u00e7\u00f5es inteiras.\u201d<\/p>\n<p>Em 2024, as infe\u00e7\u00f5es de sarampo aumentaram 86% na Regi\u00e3o do Mediterr\u00e2neo Oriental da OMS, 47% na Regi\u00e3o Europeia e 42% na Regi\u00e3o do Sudeste Asi\u00e1tico, em compara\u00e7\u00e3o com 2019. Mas, a Regi\u00e3o Africana registou uma redu\u00e7\u00e3o de 40% de novas infe\u00e7\u00f5es e de 50% nas mortes, no mesmo per\u00edodo, que como concluiu o relat\u00f3rio deveu-se em parte ao aumento da cobertura vacinal.<\/p>\n<p>Os surtos recentes de sarampo est\u00e3o a ocorrer em pa\u00edses e regi\u00f5es onde as crian\u00e7as t\u00eam menor probabilidade de morrer, devido \u00e0 melhor nutri\u00e7\u00e3o e ao acesso a cuidados de sa\u00fade. No entanto, os infetados com o v\u00edrus continuam em risco de complica\u00e7\u00f5es graves e permanentes, como cegueira, pneumonia e encefalite (uma infe\u00e7\u00e3o que causa incha\u00e7o no c\u00e9rebro e poss\u00edveis danos cerebrais).<\/p>\n<p>A OMS e a UNICEF alertaram que a cobertura vacinal \u00e9 insuficiente para proteger todas as comunidades, pois em 2024, estima-se que 84% das crian\u00e7as receberam a primeira dose da vacina contra o sarampo e apenas 76% receberam a segunda. N\u00fameros que representam uma ligeira melhora em rela\u00e7\u00e3o a 2023, com 2 milh\u00f5es de crian\u00e7as a mais imunizadas.<\/p>\n<p>As diretrizes da OMS s\u00e3o de que uma cobertura de pelo menos 95% com duas doses da vacina contra o sarampo \u00e9 necess\u00e1ria para interromper a transmiss\u00e3o e proteger as comunidades de surtos.<\/p>\n<p>Em 2024, mais de 30 milh\u00f5es de crian\u00e7as ficaram sem prote\u00e7\u00e3o adequada contra o sarampo sendo que tr\u00eas quartos delas vivem nas regi\u00f5es da \u00c1frica e do Mediterr\u00e2neo Oriental, frequentemente em contextos fr\u00e1geis, afetados por conflitos ou vulner\u00e1veis.<\/p>\n<p>A Revis\u00e3o Intermedi\u00e1ria da Agenda de Imuniza\u00e7\u00e3o 2030 (IA2030), j\u00e1 divulgada, destaca que o sarampo \u00e9 frequentemente a primeira doen\u00e7a a ressurgir quando a cobertura vacinal diminui. Os crescentes surtos de sarampo est\u00e3o a expor as fragilidades nos programas de imuniza\u00e7\u00e3o e nos sistemas de sa\u00fade em todo o mundo, e amea\u00e7am o progresso em dire\u00e7\u00e3o \u00e0s metas da IA2030, incluindo a elimina\u00e7\u00e3o do sarampo.<\/p>\n<p>A OMS divulgou que em 2024, 59 pa\u00edses relataram surtos de sarampo de grande magnitude ou com impacto significativo, o que representou quase o triplo do n\u00famero relatado em 2021 e o maior desde o in\u00edcio da pandemia de COVID-19. Todas as regi\u00f5es, exceto as Am\u00e9ricas, tiveram pelo menos um pa\u00eds a enfrentar um surto de grande magnitude em 2024. Mas a situa\u00e7\u00e3o mudou em 2025, e diversos pa\u00edses das Am\u00e9ricas est\u00e3o a combater surtos.<\/p>\n<p>Entretanto, foi ampliada a vigil\u00e2ncia do sarampo e melhorada a capacidade da OMS e dos pa\u00edses para identificar e responder a surtos, e, para alguns pa\u00edses, alcan\u00e7ar a elimina\u00e7\u00e3o da doen\u00e7a. Em 2024, mais de 760 laborat\u00f3rios participantes da Rede Global de Laborat\u00f3rios de Sarampo e Rub\u00e9ola testaram mais de 500 mil amostras, o que se traduziu num aumento de 27% em rela\u00e7\u00e3o ao ano anterior.<\/p>\n<p>No entanto, a OMS referiu que os profundos cortes no financiamento que afetam a Rede Global de Laborat\u00f3rios de Sarampo e Rub\u00e9ola e os programas nacionais de imuniza\u00e7\u00e3o ampliem as lacunas de imunidade e possam provocar quem novos surtos no pr\u00f3ximo ano.<\/p>\n<p>A meta mundial de elimina\u00e7\u00e3o, conforme estabelecida na IA2030, continua distante. No final de 2024, 81 pa\u00edses, ou seja, 42%, j\u00e1 tinham eliminado o sarampo, mais tr\u00eas pa\u00edses que 2019, antes da pandemia.<\/p>\n<p>Em 2025, houve avan\u00e7os adicionais com a verifica\u00e7\u00e3o dos pa\u00edses e \u00e1reas insulares do Pac\u00edfico em setembro de 2025, e a verifica\u00e7\u00e3o de Cabo Verde, Maur\u00edcio e Seychelles neste m\u00eas, tornando-se os primeiros pa\u00edses da Regi\u00e3o Africana da OMS a serem verificados quanto \u00e0 elimina\u00e7\u00e3o do sarampo. Isto eleva o n\u00famero total de pa\u00edses que eliminaram o sarampo para 96.<\/p>\n<p>A Regi\u00e3o das Am\u00e9ricas recuperou o status de regi\u00e3o livre do sarampo em 2024 pela segunda vez, tornando-se na \u00fanica regi\u00e3o a ter essa condi\u00e7\u00e3o verificada. Mas perdeu o status novamente em novembro de 2025 devido \u00e0 transmiss\u00e3o cont\u00ednua no Canad\u00e1.<\/p>\n<p>O sarampo ressurgiu nos \u00faltimos anos, mesmo em pa\u00edses de rendimento elevado que j\u00e1 tiveram a doen\u00e7a erradicada, porque as taxas de imuniza\u00e7\u00e3o ca\u00edram abaixo do limiar de 95%. Mesmo quando a cobertura geral \u00e9 alta em n\u00edvel nacional, bolsas de comunidades n\u00e3o vacinadas com taxas de cobertura mais baixas podem deixar as pessoas em risco e resultar em surtos e transmiss\u00e3o cont\u00ednua.<\/p>\n<p>A OMS concluiu que para alcan\u00e7ar a elimina\u00e7\u00e3o do sarampo, \u00e9 necess\u00e1rio um forte compromisso pol\u00edtico e investimento cont\u00ednuo para garantir que todas as crian\u00e7as recebam duas doses da vacina contra o sarampo e que os sistemas de vigil\u00e2ncia possam detetar surtos rapidamente.<\/p>\n<p>A Revis\u00e3o Intermedi\u00e1ria da IA2030 faz um apelo aos pa\u00edses e parceiros para que reforcem a imuniza\u00e7\u00e3o de rotina, a vigil\u00e2ncia e a capacidade de resposta r\u00e1pida a surtos, e que realizem campanhas de imuniza\u00e7\u00e3o alta qualidade e com alta cobertura de forma rotineira para proteger todas as crian\u00e7as.<\/p>\n<p>  <img decoding=\"async\" style=\"display:inline-block; margin-bottom:-1px;\" alt=\"Sugerir corre\u00e7\u00e3o\" title=\"Sugerir corre\u00e7\u00e3o\" width=\"10px\" src=\"https:\/\/www.europesays.com\/pt\/wp-content\/uploads\/2025\/07\/ico-edit.png\"\/> Sugira uma corre\u00e7\u00e3o   <\/p>\n","protected":false},"excerpt":{"rendered":"OMS alerta que diminu\u00edram as mortes por sarampo mas as infe\u00e7\u00f5es est\u00e3o a aumentar. Foto: \u00a9 OMS Dados&hellip;\n","protected":false},"author":2,"featured_media":171138,"comment_status":"","ping_status":"","sticky":false,"template":"","format":"standard","meta":{"footnotes":""},"categories":[86],"tags":[35877,116,13473,32,33,117],"class_list":{"0":"post-171137","1":"post","2":"type-post","3":"status-publish","4":"format-standard","5":"has-post-thumbnail","7":"category-saude","8":"tag-doencas-infeciosas","9":"tag-health","10":"tag-organizacao-mundial-da-saude","11":"tag-portugal","12":"tag-pt","13":"tag-saude"},"share_on_mastodon":{"url":"https:\/\/pubeurope.com\/@pt\/115641094864449763","error":""},"_links":{"self":[{"href":"https:\/\/www.europesays.com\/pt\/wp-json\/wp\/v2\/posts\/171137","targetHints":{"allow":["GET"]}}],"collection":[{"href":"https:\/\/www.europesays.com\/pt\/wp-json\/wp\/v2\/posts"}],"about":[{"href":"https:\/\/www.europesays.com\/pt\/wp-json\/wp\/v2\/types\/post"}],"author":[{"embeddable":true,"href":"https:\/\/www.europesays.com\/pt\/wp-json\/wp\/v2\/users\/2"}],"replies":[{"embeddable":true,"href":"https:\/\/www.europesays.com\/pt\/wp-json\/wp\/v2\/comments?post=171137"}],"version-history":[{"count":0,"href":"https:\/\/www.europesays.com\/pt\/wp-json\/wp\/v2\/posts\/171137\/revisions"}],"wp:featuredmedia":[{"embeddable":true,"href":"https:\/\/www.europesays.com\/pt\/wp-json\/wp\/v2\/media\/171138"}],"wp:attachment":[{"href":"https:\/\/www.europesays.com\/pt\/wp-json\/wp\/v2\/media?parent=171137"}],"wp:term":[{"taxonomy":"category","embeddable":true,"href":"https:\/\/www.europesays.com\/pt\/wp-json\/wp\/v2\/categories?post=171137"},{"taxonomy":"post_tag","embeddable":true,"href":"https:\/\/www.europesays.com\/pt\/wp-json\/wp\/v2\/tags?post=171137"}],"curies":[{"name":"wp","href":"https:\/\/api.w.org\/{rel}","templated":true}]}}