{"id":171139,"date":"2025-11-30T22:50:24","date_gmt":"2025-11-30T22:50:24","guid":{"rendered":"https:\/\/www.europesays.com\/pt\/171139\/"},"modified":"2025-11-30T22:50:24","modified_gmt":"2025-11-30T22:50:24","slug":"sandro-fernandes-sai-em-defesa-de-liliana-e-deixa-recadinho-a-francisco-monteiro","status":"publish","type":"post","link":"https:\/\/www.europesays.com\/pt\/171139\/","title":{"rendered":"Sandro Fernandes sai em defesa de Liliana e deixa recadinho a Francisco Monteiro"},"content":{"rendered":"<p>\t\t\t\t\t\t\t\t\t\t\t\t<a href=\"#\" onclick=\"window.open('http:\/\/www.facebook.com\/sharer.php?u=https:\/\/cusquices.com\/sandro-fernandes-sai-em-defesa-de-liliana-e-deixa-recadinho-a-francisco-monteiro\/&amp;t=Sandro Fernandes sai em defesa de Liliana e deixa recadinho a Francisco Monteiro', 'facebookShare', 'width=626,height=436'); return false;\" title=\"Share on Facebook\"><\/p>\n<p>Share<\/p>\n<p><\/a><br \/>\n\t\t\t\t\t\t\t\t\t\t\t\t<a href=\"#\" onclick=\"window.open('http:\/\/twitter.com\/share?text=Sandro Fernandes sai em defesa de Liliana e deixa recadinho a Francisco Monteiro -&amp;url=https:\/\/cusquices.com\/sandro-fernandes-sai-em-defesa-de-liliana-e-deixa-recadinho-a-francisco-monteiro\/', 'twitterShare', 'width=626,height=436'); return false;\" title=\"Tweet This Post\"><\/p>\n<p>Tweet<\/p>\n<p><\/a><br \/>\n\t\t\t\t\t\t\t\t\t\t\t\t<a href=\"whatsapp:\/\/send?text=Sandro Fernandes sai em defesa de Liliana e deixa recadinho a Francisco Monteiro https:\/\/cusquices.com\/sandro-fernandes-sai-em-defesa-de-liliana-e-deixa-recadinho-a-francisco-monteiro\/\" rel=\"nofollow\"><\/p>\n<p>Share<\/p>\n<p><\/a><br \/>\n\t\t\t\t\t\t\t\t\t\t\t\t<a href=\"#\" onclick=\"window.open('http:\/\/pinterest.com\/pin\/create\/button\/?url=https:\/\/cusquices.com\/sandro-fernandes-sai-em-defesa-de-liliana-e-deixa-recadinho-a-francisco-monteiro\/&amp;media=https:\/\/cusquices.com\/wp-content\/uploads\/2025\/11\/zaza-sandro-1000x600.jpg&amp;description=Sandro Fernandes sai em defesa de Liliana e deixa recadinho a Francisco Monteiro', 'pinterestShare', 'width=750,height=350'); return false;\" title=\"Pin This Post\"><\/p>\n<p>Share<\/p>\n<p><\/a><br \/>\n\t\t\t\t\t\t\t\t\t\t\t\t<a href=\"mailto:?subject=Sandro Fernandes sai em defesa de Liliana e deixa recadinho a Francisco Monteiro&amp;BODY=I found this article interesting and thought of sharing it with you. Check it out: https:\/\/cusquices.com\/sandro-fernandes-sai-em-defesa-de-liliana-e-deixa-recadinho-a-francisco-monteiro\/\"><\/p>\n<p>Email<\/p>\n<p><\/a><br \/>\n\t\t\t\t\t\t\t\t\t\t\t\t\t\t\t\t\t\t\t\t\t\t\t\t\t\t\t\t\t\t\t\t\t\t\t\t\t\t\t\t\t\t\t\t\t\t\t\t\t\t\t\t\t<a href=\"https:\/\/cusquices.com\/sandro-fernandes-sai-em-defesa-de-liliana-e-deixa-recadinho-a-francisco-monteiro\/#respond\" rel=\"nofollow noopener\" target=\"_blank\"><\/p>\n<p>Sandro sai em defesa de Liliana ap\u00f3s duras cr\u00edticas de Francisco Monteiro e deixou um recadinho ao comentador da TVI.<\/p>\n<p><strong>Francisco Monteiro, <\/strong>comentador do<strong> Secret Story,<\/strong> nunca escondeu que n\u00e3o gosta do jogo de Liliana e tem sido particularmente cr\u00edtico com a concorrente. Fora da casa, as suas opini\u00f5es continuam a gerar controv\u00e9rsia e,<strong> Sandro Fernandes,<\/strong> ex-concorrente do formato, reagiu \u00e0s cr\u00edticas de <strong>Zaza.<\/strong><\/p>\n<p>Sandro, saiu em defesa de Liliana e acabou por deixar um recadinho ao comentador da TVI: <strong>\u201cZaza, a Liliana \u00e9 uma excelente jogadora. Seja atriz, seja pol\u00e9mica, seja o que for.\u201d<\/strong>, come\u00e7ou por dizer o barbeiro dos famosos.<\/p>\n<p><strong>\u201cGoste ou n\u00e3o se goste, \u00e9 s\u00f3 admitir. Tamb\u00e9m n\u00e3o gosto do Pedro e no entanto considero o bom jogador e faz coisas que n\u00e3o gosto, como faltar ao respeito \u00e0 pr\u00f3pria mulher\u201d,<\/strong> acrescentou Sandro.<\/p>\n<blockquote class=\"twitter-tweet\">\n<p lang=\"pt\" dir=\"ltr\">Zaza, a Liliana \u00e9 uma excelente jogadora. Seja atriz, seja pol\u00e9mica, seja o que for. Goste ou n\u00e3o se goste, \u00e9 s\u00f3 admitir. Tambem nao gosto do Pedro e no entanto considero o bom jogador e faz coisas que n\u00e3o gosto, como faltar ao respeito \u00e0 pr\u00f3pria mulher <a href=\"https:\/\/twitter.com\/hashtag\/sstvi?src=hash&amp;ref_src=twsrc%5Etfw\" rel=\"nofollow noopener\" target=\"_blank\">#sstvi<\/a><\/p>\n<p>\u2014 Sandro Fernandes (@Sandrosstvi) <a href=\"https:\/\/twitter.com\/Sandrosstvi\/status\/1994490034289086872?ref_src=twsrc%5Etfw\" rel=\"nofollow noopener\" target=\"_blank\">November 28, 2025<\/a><\/p><\/blockquote>\n<p><strong>Leia tamb\u00e9m:<\/strong><\/p>\n<p>\t\t\t\t\t\t\t\t\t\t\t\t\t\t\t\t\t\t\t\t\t\t\t\t\t<img decoding=\"async\" src=\"https:\/\/www.europesays.com\/pt\/wp-content\/uploads\/2025\/10\/cusquices-logo-52x.png\" class=\"webpexpress-processed\"\/><\/p>\n<p>\t\t\t\t\t\t\t\t\t\t\t\t\t\t\t\t\t\t\t\t\t            \t\t\t\t\t\t\t\t\t\t\t\t\t\t\t\t\t\t\t\t\t\t\t\t\t\t\t\t\t\t\t\t\t\t\t\t\t\t\t<script async src=\"https:\/\/platform.twitter.com\/widgets.js\" charset=\"utf-8\"><\/script><\/p>\n","protected":false},"excerpt":{"rendered":"Share Tweet Share Share Email Sandro sai em defesa de Liliana ap\u00f3s duras cr\u00edticas de Francisco Monteiro e&hellip;\n","protected":false},"author":2,"featured_media":171140,"comment_status":"","ping_status":"","sticky":false,"template":"","format":"standard","meta":{"footnotes":""},"categories":[85],"tags":[2632,49,114,115,2071,24883,32,33,19064],"class_list":{"0":"post-171139","1":"post","2":"type-post","3":"status-publish","4":"format-standard","5":"has-post-thumbnail","7":"category-entretenimento","8":"tag-casa-dos-segredos","9":"tag-destaques","10":"tag-entertainment","11":"tag-entretenimento","12":"tag-francisco-monteiro","13":"tag-liliana-oliveira","14":"tag-portugal","15":"tag-pt","16":"tag-sandro"},"share_on_mastodon":{"url":"https:\/\/pubeurope.com\/@pt\/115641098300044683","error":""},"_links":{"self":[{"href":"https:\/\/www.europesays.com\/pt\/wp-json\/wp\/v2\/posts\/171139","targetHints":{"allow":["GET"]}}],"collection":[{"href":"https:\/\/www.europesays.com\/pt\/wp-json\/wp\/v2\/posts"}],"about":[{"href":"https:\/\/www.europesays.com\/pt\/wp-json\/wp\/v2\/types\/post"}],"author":[{"embeddable":true,"href":"https:\/\/www.europesays.com\/pt\/wp-json\/wp\/v2\/users\/2"}],"replies":[{"embeddable":true,"href":"https:\/\/www.europesays.com\/pt\/wp-json\/wp\/v2\/comments?post=171139"}],"version-history":[{"count":0,"href":"https:\/\/www.europesays.com\/pt\/wp-json\/wp\/v2\/posts\/171139\/revisions"}],"wp:featuredmedia":[{"embeddable":true,"href":"https:\/\/www.europesays.com\/pt\/wp-json\/wp\/v2\/media\/171140"}],"wp:attachment":[{"href":"https:\/\/www.europesays.com\/pt\/wp-json\/wp\/v2\/media?parent=171139"}],"wp:term":[{"taxonomy":"category","embeddable":true,"href":"https:\/\/www.europesays.com\/pt\/wp-json\/wp\/v2\/categories?post=171139"},{"taxonomy":"post_tag","embeddable":true,"href":"https:\/\/www.europesays.com\/pt\/wp-json\/wp\/v2\/tags?post=171139"}],"curies":[{"name":"wp","href":"https:\/\/api.w.org\/{rel}","templated":true}]}}