{"id":171141,"date":"2025-11-30T22:51:32","date_gmt":"2025-11-30T22:51:32","guid":{"rendered":"https:\/\/www.europesays.com\/pt\/171141\/"},"modified":"2025-11-30T22:51:32","modified_gmt":"2025-11-30T22:51:32","slug":"3-boas-razoes-para-comprar-o-samsung-galaxy-s25-fe","status":"publish","type":"post","link":"https:\/\/www.europesays.com\/pt\/171141\/","title":{"rendered":"3 boas raz\u00f5es para comprar o Samsung Galaxy S25 FE"},"content":{"rendered":"<p class=\"leading\">\n                O Samsung Galaxy S25 FE foi o \u00faltimo a chegar da s\u00e9rie de topo da marca, mas tem tr\u00eas argumentos de compra infal\u00edveis.            <\/p>\n<p>        <img decoding=\"async\" alt=\"Samsung Galaxy S25 FE\" height=\"900\" src=\"https:\/\/www.europesays.com\/pt\/wp-content\/uploads\/2025\/11\/samsung-galaxy-s25-fe-na-mao-designer.jpg\" width=\"1600\" fetchpriority=\"high\"\/>Smartphone \u00e0 prova de futuro<\/p>\n<p>O Galaxy S25 FE est\u00e1 abrangido pela pol\u00edtica de atualiza\u00e7\u00f5es mais generosa da Samsung. Durante sete longos anos vai receber atualiza\u00e7\u00f5es de software (interface One UI e sistema operativo Android), assim como patches de seguran\u00e7a.<\/p>\n<p>Este \u00e9 o argumento de compra definitivo para utilizadores que gostam de manter o mesmo telefone por um longo per\u00edodo. Durante sete anos, o Galaxy S25 FE vai ter sempre software atualizado e, por isso, vai estar preparado para receber as aplica\u00e7\u00f5es mais recentes.<\/p>\n<p>Recursos Galaxy IA<\/p>\n<p>A Samsung foi tamb\u00e9m aqui generosa e integrou neste Galaxy S25 FE muitos recursos alimentados a Intelig\u00eancia Artificial. Assistente de escrita, resumos, transcri\u00e7\u00f5es de \u00e1udio, tradu\u00e7\u00e3o em tempo real, s\u00e3o apenas algumas das ferramentas que ajudam na produtividade.<\/p>\n<p>Aqui tamb\u00e9m h\u00e1 a Now Brief (widget com informa\u00e7\u00f5es do dia, como a metorologia) e a Now Bar (notifica\u00e7\u00f5es e not\u00edcias), o que d\u00e1 muito jeito para teres informa\u00e7\u00e3o relevante num \u00e1pice. Para o lazer, o est\u00fadio fotogr\u00e1fico permite-te \u201cbrincar\u201d com as tuas fotografias, dando-lhe um estilo de aguarela ou esbo\u00e7o enquanto o assistente de desenho transforma os teus rabiscos em desenhos percet\u00edveis.<\/p>\n<p>Autonomia e carregamento mais r\u00e1pido<\/p>\n<p>A bateria de 4.900 mAh aguenta, nas calmas, um dia inteiro mediante uma utiliza\u00e7\u00e3o t\u00edpica. E mesmo a puxar pelo Galaxy S25 FE, a tirares fotos, veres s\u00e9ries e v\u00eddeos e outras atividades mais exigentes, consegues chegar ao final do dia ainda com uma percentagem pr\u00f3xima dos 50%.<\/p>\n<p>Mas o melhor de tudo \u00e9 que a gigante sul-coreana atualizou o carregamento r\u00e1pido para 45 watts. Na pr\u00e1tica, este modelo carrega bastante mais r\u00e1pido que o seu antecessor. Para mais informa\u00e7\u00f5es, consulta a review ao Samsung Galaxy S25 FE.<\/p>\n<p><a href=\"https:\/\/amzn.to\/3XTWsTc\" target=\"_blank\" rel=\"nofollow noreferrer noopener\"><img decoding=\"async\" alt=\"Samsung Galaxy S25 FE\" height=\"488\" width=\"650\" class=\"lazyload\" src=\"https:\/\/www.europesays.com\/pt\/wp-content\/uploads\/2025\/11\/samsung-galaxy-s25-fe-417dkdmxvbl-sl500.jpg\" loading=\"lazy\"\/><\/a><\/p>\n<p>Oferta por tempo limitado<\/p>\n<p>693,39 \u20acamazon<\/p>\n<p>939,00 \u20ac-26%<\/p>\n<p class=\"inline-related-title\">Editores 4gnews recomendam:<\/p>\n","protected":false},"excerpt":{"rendered":"O Samsung Galaxy S25 FE foi o \u00faltimo a chegar da s\u00e9rie de topo da marca, mas tem&hellip;\n","protected":false},"author":2,"featured_media":171142,"comment_status":"","ping_status":"","sticky":false,"template":"","format":"standard","meta":{"footnotes":""},"categories":[84],"tags":[109,107,108,32,33,105,103,104,106,110],"class_list":{"0":"post-171141","1":"post","2":"type-post","3":"status-publish","4":"format-standard","5":"has-post-thumbnail","7":"category-ciencia-e-tecnologia","8":"tag-ciencia","9":"tag-ciencia-e-tecnologia","10":"tag-cienciaetecnologia","11":"tag-portugal","12":"tag-pt","13":"tag-science","14":"tag-science-and-technology","15":"tag-scienceandtechnology","16":"tag-technology","17":"tag-tecnologia"},"share_on_mastodon":{"url":"https:\/\/pubeurope.com\/@pt\/115641102122369469","error":""},"_links":{"self":[{"href":"https:\/\/www.europesays.com\/pt\/wp-json\/wp\/v2\/posts\/171141","targetHints":{"allow":["GET"]}}],"collection":[{"href":"https:\/\/www.europesays.com\/pt\/wp-json\/wp\/v2\/posts"}],"about":[{"href":"https:\/\/www.europesays.com\/pt\/wp-json\/wp\/v2\/types\/post"}],"author":[{"embeddable":true,"href":"https:\/\/www.europesays.com\/pt\/wp-json\/wp\/v2\/users\/2"}],"replies":[{"embeddable":true,"href":"https:\/\/www.europesays.com\/pt\/wp-json\/wp\/v2\/comments?post=171141"}],"version-history":[{"count":0,"href":"https:\/\/www.europesays.com\/pt\/wp-json\/wp\/v2\/posts\/171141\/revisions"}],"wp:featuredmedia":[{"embeddable":true,"href":"https:\/\/www.europesays.com\/pt\/wp-json\/wp\/v2\/media\/171142"}],"wp:attachment":[{"href":"https:\/\/www.europesays.com\/pt\/wp-json\/wp\/v2\/media?parent=171141"}],"wp:term":[{"taxonomy":"category","embeddable":true,"href":"https:\/\/www.europesays.com\/pt\/wp-json\/wp\/v2\/categories?post=171141"},{"taxonomy":"post_tag","embeddable":true,"href":"https:\/\/www.europesays.com\/pt\/wp-json\/wp\/v2\/tags?post=171141"}],"curies":[{"name":"wp","href":"https:\/\/api.w.org\/{rel}","templated":true}]}}